{"id":35813,"date":"2013-03-13T02:34:08","date_gmt":"2013-03-13T02:34:08","guid":{"rendered":null},"modified":"-0001-11-30T00:00:00","modified_gmt":"-0001-11-30T00:00:00","slug":"opus-dei-celebrates-the-50th-anniversary-of-the-clanica-universidad-de-navarra","status":"publish","type":"post","link":"https:\/\/www.best-dentist-dentistry.com\/de\/opus-dei-celebrates-the-50th-anniversary-of-the-clanica-universidad-de-navarra\/35813","title":{"rendered":"opus dei celebrates the 50th anniversary of the clanica universidad de navarra"},"content":{"rendered":"<p class=\"first\"> Pamplona, 29 Apr (EFE).-<span class=\"yshortcuts\" id=\"lw_1335726976_0\"> Das Opus Dei<\/span> hat heute geschlossene mit einer Masse von der Pr\u00e4lat des f\u00fcnfzigsten Jahrestages der <span class=\"yshortcuts\" id=\"lw_1335726976_2\"> Cl\u00ednica Universidad de Navarra<\/span>, zelebrieren die so genannte &#8220;f\u00fcnfzig Jahre Betriebszugeh\u00f6rigkeit&#8221; f\u00fcr die Gesellschaft, wie in seiner Predigt Javier Echevarr\u00eda hervorgehoben haben.<\/p>\n<p>Die Veranstaltung nahmen mehr als dreitausend Menschen, unter ihnen Vertreter der Regierung in Navarra, Carmen Alba, der B\u00fcrgermeister von Pamplona, Enrique Maya und der foral Regierung, Jos\u00e9 Iribas, Berater des Erziehung betont in einer Erkl\u00e4rung des Gesundheitszentrums.<\/p>\n<p>Neben der Pr\u00e4lat des Opus Dei haben konzelebrierte die Eucharistie der Generalvikar der Pr\u00e4latur, Fernando Oc\u00e1riz, der Vikar des Opus Dei in Spanien und Vize-Grand Chancellor der Universit\u00e4t von Navarra, Ramon Herrando; der Vikar des Opus Dei in der Delegation von Pamplona, Rafael Salvador; und der Direktor der Seelsorge Klinik Universit\u00e4t von Navarra, Narciso S\u00e1nchez.<\/p>\n<p>In seiner Predigt Echevarria darauf hingewiesen, da\u00df der Gr\u00fcnder des Opus Dei, Jose Mar\u00eda Escriv\u00e1 de Balaguer, zeigte &#8220;einen besonderen Wunsch f\u00fcr die Kranken&#8221; und war der wichtigste Motor f\u00fcr die Klinik.<\/p>\n<p>Erw\u00e4hnt neben der Gr\u00fcndung des Opus Dei, 1928, &#8220;Weg der Heiligung in die professionelle Arbeit und unter normalen Umst\u00e4nden der christlichen&#8221; und wo ihre Mitglieder &#8220;f\u00fcr die Liebe der Welt, versuchen, das beste zu geben, die besitzen: seine wissenschaftliche Ausbildung, Humanist und Technik, ihren Eifer zu Dienst und die Freude des Glaubens, die Freude an Jesus Christus gefunden zu haben&#8221;.<\/p>\n<p>Und im Zusammenhang mit der Klinik Universit\u00e4t von Navarra, Echevarria hingewiesen, dass &#8220;medizinische Wissenschaft und die menschliche W\u00e4rme, in einem famili\u00e4ren Umfeld, sind wichtig, wenn m\u00f6glich Schmerzen zu lindern&#8221;.<\/p>\n<p>La Cl\u00ednica ist, hat gesagt: &#8220;eine gro\u00dfe Fabrik Wissenschaft und Heiligkeit&#8221;, mit &#8220;wesentlich&#8221; zur Verbesserung der Gesundheitsversorgung, sowie als &#8220;relevant&#8221; seine Bedeutung f\u00fcr die Zukunft, seit Katholiken, entsprechend der Pr\u00e4lat werden aufgerufen, &#8220;um die am besten geeignete Wege f\u00fcr die Neuevangelisierung der Zivilgesellschaft neu zu entdecken&#8221;, sollte die &#8220;\u00fcberwunden alte Modelle von technischen Einzelheiten, die dem Geist voll in den Dienst der jedes Mannes und jeder Mann \u00d6ffnung geschlossen&#8221;.<\/p>\n","protected":false},"excerpt":{"rendered":"<p>Pamplona, 29 Apr (EFE).- Das Opus Dei hat heute geschlossene mit einer Masse von der Pr\u00e4lat des f\u00fcnfzigsten Jahrestages der Cl\u00ednica Universidad de Navarra, zelebrieren die so genannte &#8220;f\u00fcnfzig Jahre Betriebszugeh\u00f6rigkeit&#8221; f\u00fcr die Gesellschaft, wie in seiner Predigt Javier Echevarr\u00eda hervorgehoben haben. Die Veranstaltung nahmen mehr als dreitausend Menschen, unter ihnen Vertreter der Regierung in [&hellip;]<\/p>\n","protected":false},"author":1,"featured_media":0,"comment_status":"close","ping_status":"open","sticky":false,"template":"","format":"standard","meta":{"footnotes":""},"categories":[3],"tags":[],"class_list":["post-35813","post","type-post","status-publish","format-standard","hentry","category-allgemeine","et-doesnt-have-format-content","et_post_format-et-post-format-standard"],"_links":{"self":[{"href":"https:\/\/www.best-dentist-dentistry.com\/de\/wp-json\/wp\/v2\/posts\/35813","targetHints":{"allow":["GET"]}}],"collection":[{"href":"https:\/\/www.best-dentist-dentistry.com\/de\/wp-json\/wp\/v2\/posts"}],"about":[{"href":"https:\/\/www.best-dentist-dentistry.com\/de\/wp-json\/wp\/v2\/types\/post"}],"author":[{"embeddable":true,"href":"https:\/\/www.best-dentist-dentistry.com\/de\/wp-json\/wp\/v2\/users\/1"}],"replies":[{"embeddable":true,"href":"https:\/\/www.best-dentist-dentistry.com\/de\/wp-json\/wp\/v2\/comments?post=35813"}],"version-history":[{"count":0,"href":"https:\/\/www.best-dentist-dentistry.com\/de\/wp-json\/wp\/v2\/posts\/35813\/revisions"}],"wp:attachment":[{"href":"https:\/\/www.best-dentist-dentistry.com\/de\/wp-json\/wp\/v2\/media?parent=35813"}],"wp:term":[{"taxonomy":"category","embeddable":true,"href":"https:\/\/www.best-dentist-dentistry.com\/de\/wp-json\/wp\/v2\/categories?post=35813"},{"taxonomy":"post_tag","embeddable":true,"href":"https:\/\/www.best-dentist-dentistry.com\/de\/wp-json\/wp\/v2\/tags?post=35813"}],"curies":[{"name":"wp","href":"https:\/\/api.w.org\/{rel}","templated":true}]}}