{"id":35817,"date":"2013-03-13T02:34:36","date_gmt":"2013-03-13T02:34:36","guid":{"rendered":null},"modified":"-0001-11-30T00:00:00","modified_gmt":"-0001-11-30T00:00:00","slug":"rajoy-announces-reforms-to-every-friday-spaniards-protest","status":"publish","type":"post","link":"https:\/\/www.best-dentist-dentistry.com\/de\/rajoy-announces-reforms-to-every-friday-spaniards-protest\/35817","title":{"rendered":"rajoy announces reforms to every friday spaniards protest"},"content":{"rendered":"<p class=\"first\"> MADRID (Reuters) &#8211; der Pr\u00e4sident der spanischen Regierung, Mariano Rajoy, Sonntag verteidigte seine reformistische Tagesordnung Umgang mit der tiefen Krise, die das Land zwar Dutzende von St\u00e4dten in Spanien abgehalten, Demonstrationen gegen die wurden \u00f6ffentliche Gesundheit und Ausbildung Dienstleistungen schneidet.<\/p>\n<p>Rajoy angek\u00fcndigt, jeden Freitag im Rat w\u00fcrde neue Ma\u00dfnahmen &#8220;positivsten, notwendig und erforderlich als je zuvor&#8221;, ist Genehmigung weiter jedoch gewarnt, dass sie nehmen w\u00fcrde, \u00c4nderung die Situation in dem Land, mit einer Wirtschaft in einer Rezession und ein Banking den Fokus der M\u00e4rkte Sektor.<\/p>\n<p>&#8220;Jeden Freitag wird weiterhin die Reformen kommen auch, und sehr wichtig (&#8230;) Wir werden weiter herrschenden, tun, was es braucht, um hier raus&#8221;, sagte bei der Schlussfeier des Kongresses von seiner Volkspartei (PP) in Madrid.<\/p>\n<p>&#8220;Wir arbeiten um die Situation zu verwandeln. Wir werden tun, aber ich sage euch, da\u00df es Kosten wird (&#8230;) Es ist eine reformistische Tagesordnung wurde zum Ausgangspunkt des morgens Spanien &#8220;, sagte.<\/p>\n<p>Tausende von Menschen gleichzeitig in den Stra\u00dfen protestierten die K\u00fcrzungen angek\u00fcndigt in Sektoren wie Gesundheit und Bildung, die voraussichtlich eine Einsparung von 7.000 und 3.000 Millionen Euro beziehungsweise f\u00fcr das Ziel der drastischen Senkung des Defizits in zwei Jahren zu erm\u00f6glichen die.<\/p>\n<p>Rajoy r\u00e4umte ein, dass seine Regierung Ma\u00dfnahmen, die nicht in ihrem Wahlprogramm angenommen hat wie Steuererh\u00f6hungen oder die angek\u00fcndigte f\u00fcr 2013 bereits implementiert, aber gesagt, dass es keine Alternative.<\/p>\n<p>&#8220;Perfekt verstehen, zu viele Menschen, die von Entscheidungen, die wir haben betroffen sind, weil ich mir dessen bewusst bin, was wir tun,&#8221; sagte.<\/p>\n<p>Spanien lebt der zweiten Rezession seit drei Jahren mit einer Rate von Arbeitslosigkeit von 24,4 Prozent, und wieder ins Zentrum der Schuldenkrise der Eurozone nach Rating-Agentur S &amp; P das Rating in zwei Schritten von der Unsicherheit reduziert, die nationale Wirtschaft weckt.<\/p>\n<p>Innerhalb der offenen Debatte in Europa \u00fcber die Notwendigkeit, Ma\u00dfnahmen zur Stimulierung der Wirtschaft und nicht nur Schnitte, Rajoy gesagt, dass Spanien Wachstumspolitik unterst\u00fctzen w\u00fcrde, aber auch seine Verteidigung der Sparsamkeit bekr\u00e4ftigt.<\/p>\n<p>Sonntag herauskam Tausende von Menschen auf den Stra\u00dfen von mehreren spanischen St\u00e4dten, K\u00fcrzungen zu protestieren.<\/p>\n<p>Mit Banner wie &#8220;Bildung, Gesundheit und Arbeit, die niemand spielt&#8221;, Jugendliche und Rentner mit Familien, die einen Marsch in der Hauptstadt eine intermittierende Regen trotzen und trotz zusammenfallen mit einem langen Wochenende durch zwei Feiertage in Madrid n\u00e4chste Woche besuchte vermengt.<\/p>\n<p>Inmitten Schreie gegen Banken, Washington oder die deutsche Bundeskanzlerin, Angela Merkel, lesen im M\u00e4rz von Madrid Banner wie &#8220;Weiterbildung ist zu investieren, nicht ausgeben&#8221; und &#8220;schneidet in Gesundheit = rechtliche Verbrechen&#8221;.<\/p>\n<p>Demonstrierten genau einen Monat nach der ersten Generalstreik gegen Rajoys Regierung aufgerufen, die auf die Stra\u00dfe zu Hunderttausenden von B\u00fcrgern in ganz Spanien in ein Zeichen der Ablehnung seiner Arbeitsreform gingen.<\/p>\n<p>Tag der Proteste war au\u00dferdem zwei Tage, bevor traditionelle M\u00e4rsche am 1, die die Ank\u00fcndigung der neuen Ma\u00dfnahmen der Kraft Szenario sein k\u00f6nnte.<\/p>\n<p>(Geschrieben von Blanca Rodriguez Stein. und Teresa Medrano bei der Ausarbeitung von Madrid Zus\u00e4tzliche Bericht von Carlos Ruano. Herausgegeben von Marion Giraldo)<\/p>\n","protected":false},"excerpt":{"rendered":"<p>MADRID (Reuters) &#8211; der Pr\u00e4sident der spanischen Regierung, Mariano Rajoy, Sonntag verteidigte seine reformistische Tagesordnung Umgang mit der tiefen Krise, die das Land zwar Dutzende von St\u00e4dten in Spanien abgehalten, Demonstrationen gegen die wurden \u00f6ffentliche Gesundheit und Ausbildung Dienstleistungen schneidet. Rajoy angek\u00fcndigt, jeden Freitag im Rat w\u00fcrde neue Ma\u00dfnahmen &#8220;positivsten, notwendig und erforderlich als je [&hellip;]<\/p>\n","protected":false},"author":1,"featured_media":0,"comment_status":"close","ping_status":"open","sticky":false,"template":"","format":"standard","meta":{"footnotes":""},"categories":[3],"tags":[],"class_list":["post-35817","post","type-post","status-publish","format-standard","hentry","category-allgemeine","et-doesnt-have-format-content","et_post_format-et-post-format-standard"],"_links":{"self":[{"href":"https:\/\/www.best-dentist-dentistry.com\/de\/wp-json\/wp\/v2\/posts\/35817","targetHints":{"allow":["GET"]}}],"collection":[{"href":"https:\/\/www.best-dentist-dentistry.com\/de\/wp-json\/wp\/v2\/posts"}],"about":[{"href":"https:\/\/www.best-dentist-dentistry.com\/de\/wp-json\/wp\/v2\/types\/post"}],"author":[{"embeddable":true,"href":"https:\/\/www.best-dentist-dentistry.com\/de\/wp-json\/wp\/v2\/users\/1"}],"replies":[{"embeddable":true,"href":"https:\/\/www.best-dentist-dentistry.com\/de\/wp-json\/wp\/v2\/comments?post=35817"}],"version-history":[{"count":0,"href":"https:\/\/www.best-dentist-dentistry.com\/de\/wp-json\/wp\/v2\/posts\/35817\/revisions"}],"wp:attachment":[{"href":"https:\/\/www.best-dentist-dentistry.com\/de\/wp-json\/wp\/v2\/media?parent=35817"}],"wp:term":[{"taxonomy":"category","embeddable":true,"href":"https:\/\/www.best-dentist-dentistry.com\/de\/wp-json\/wp\/v2\/categories?post=35817"},{"taxonomy":"post_tag","embeddable":true,"href":"https:\/\/www.best-dentist-dentistry.com\/de\/wp-json\/wp\/v2\/tags?post=35817"}],"curies":[{"name":"wp","href":"https:\/\/api.w.org\/{rel}","templated":true}]}}