{"id":3597,"date":"2012-02-17T18:01:07","date_gmt":"2012-02-17T18:01:07","guid":{"rendered":null},"modified":"-0001-11-30T00:00:00","modified_gmt":"-0001-11-30T00:00:00","slug":"you-can-delay-the-ageing-of-the-brainij","status":"publish","type":"post","link":"https:\/\/www.best-dentist-dentistry.com\/de\/you-can-delay-the-ageing-of-the-brainij\/3597","title":{"rendered":"Verz\u00f6gern Sie k\u00f6nnen das Altern des Gehirns?"},"content":{"rendered":"<p><font   size=\"2\"> <strong><font size=\"3\"> k\u00f6nnen Sie das Altern des Gehirns verz\u00f6gern?<\/font> <\/p>\n<p>Dem 22. internationalen Kongress der Optometrie, Kontaktlinsen und Optik Oft\u00e1lmica (Opti 2012) wird gefeiert in IFEMA (Madrid) zwischen 17 und 19 Februar<\/strong> <\/p>\n<p>-Dr. Francisco Mora, Hirnforscher und Professor der menschlichen Physiologie der UCM, werden in der Entscheidung, heute Freitag 17. Februar, die erste Konferenz der Opti 2012, mit dem Titel  k\u00f6nnen verz\u00f6gert die Alterung des Gehirns? &#8221; <\/p>\n<p>-der Experte wird Adresse, wenn es m\u00f6glich zu verz\u00f6gern oder zu verhindern, dass die Verschlechterung der Hirnfunktionen infolge der Alterung ist. <\/p>\n<p><strong><br \/> Madrid, Februar 2012.-<\/strong> heute beginnt der 22. internationalen Kongress der Optometrie, Kontaktlinsen und Optik Oft\u00e1lmica &#8211; Opti 2012-, die Biennale Ereignis im Bereich der Optik und Optometrie, die \u00fcbereinstimmt mit der Feier der Expo\u00d3ptica. <\/p>\n<p>Der Er\u00f6ffnungskonferenz des Kongresses von Dr. Francisco Mora getragen wird, einer der bekanntesten Experten in den Neurowissenschaften, die beide in unserem Land und in USA Platz wo auch spielt ihre professionelle Arbeit. Mit dem Titel  k\u00f6nnen verz\u00f6gert die Alterung des Gehirns? &#8221;, Wissenschaftler und Verbreiter Adresse wenn m\u00f6glich oder Verschlechterung der Hirnfunktionen infolge der Alterung zu verhindern. <\/p>\n<p>Sowie Doktor der Medizin ist der Universit\u00e4t Granada (1972) und Ph.d. in Neurowissenschaften von der Universit\u00e4t Oxford (1977) Francisco Mora Professor f\u00fcr Physiologie Menschen von der medizinischen Fakult\u00e4t der Universit\u00e4t Complutense Madrid und Molekulare Physiologie und Biophysik von der medizinischen Fakult\u00e4t der University of Iowa (USA). Auch hat er die Pr\u00e4sidentschaft der spanischen Gesellschaft f\u00fcr physiologische Sciences inne und war er verantwortlich f\u00fcr die Verwaltung der Abteilung der menschlichen Physiologie der medizinischen Fakult\u00e4t der UCM. Derzeit Dr. Francisco Mora kombiniert seine medizinischen, Lehre und Forschung-Aktivit\u00e4t mit einer riesigen Streetwork, Artikeln, B\u00fcchern und Konferenzen, mit denen, in einer lustigen und unterhaltsam, gelingt, die \u00d6ffentlichkeit f\u00fcr die Wissenschaft des Gehirns zu bringen. <\/p>\n<p>Bei der ersten Konferenz der Opti 2012 erkl\u00e4rt Dr. Mora neuen Erkenntnisse aus Neurowissenschaften, die Einblick Perspektiven erm\u00f6glichen, bis vor kurzem unvermutete im Zusammenhang mit den normalen Alterungsprozess. In der Tat, heute wissen die Mechanismen durch die k\u00f6nnen Alter gesund, langsam beginnen und  Erfolg &#8221;, d. h. im wesentlichen Krankheiten im Zusammenhang mit dem Alter zu entfliehen. <\/p>\n<p>Also, ist es bekannt, dass Ma\u00dfnahmen wie die Verringerung der Nahrungsaufnahme, aerobe \u00dcbung oder soziale Interaktionen dazu beitragen k\u00f6nnen, diesen Prozess, so dass es weniger anf\u00e4llig f\u00fcr Krankheiten und erweitern somit die Langlebigkeit der Einzelpersonen verlangsamen. Zur gleichen Zeit scheinen viele andere Faktoren und Lebensstil deutlich in Gesundheit und Lebenserwartung, wie chronischer Stress, Einfluss auf den Umgang mit den Emotionen, die Qualit\u00e4t des Schlafes und Rauchen, unter anderem. <\/p>\n<p><strong>Zw\u00f6lf Schl\u00fcssel f\u00fcr die Alterung in einer gesunden Weise<\/strong> <\/p>\n<p>In seinem Buch  k\u00f6nnen verz\u00f6gert die Alterung des Gehirns? &#8221; (2010), Dr. Francisco Mora Spulen zw\u00f6lf Tasten, die es erm\u00f6glichen, um gesundes Altern zu genie\u00dfen: <\/p>\n<p> 1. Essen Sie weniger und in einer gesunden Weise. <br \/> 2. Aerobic-\u00dcbungen regelm\u00e4\u00dfig zu tun. <br \/> 3. \u00dcbung Ihren Geist jeden Tag. <br \/> 4. Viel unterwegs. <br \/> 5. Nicht alleine leben. <br \/> 6. Gesellschaftliche Ver\u00e4nderungen anzupassen. <br \/> 7. Versuchen Sie nicht, mit Stress und Hoffnungslosigkeit leben. <br \/> 8. Nicht rauchen. <br \/> 9. Genie\u00dfen Sie einen angenehmen Traum  nur mit dem Licht des Himmels &#8221;. <br \/> 10. Vermeiden Sie die  Blackout &#8221; emotionale. <br \/> 11. Geben Sie Sinn des Lebens mit Dankbarkeit. <br \/> 12. Erreichen Sie Gl\u00fcck in kleinen Dingen. <\/p>\n<p><strong>Opti 2012, der Kongress der Optometrie und Augenoptik Sektor<\/strong> <\/p>\n<p>In 17 findet 18 und 19 Februar in Madrid IFEMA, dem 22. internationalen Kongress der Optometrie, Kontaktlinsen und Optik Oft\u00e1lmica, Opti 2012, organisiert von der Generalrat der Schulen der Optiker Optiker. Dieses Ereignis, das bringt mehr als 1.300 Teilnehmer, meist \u00d3pticos-Optometristas, ist eines der wichtigsten Ereignisse Cient\u00edfico-Profesionales auf internationaler Ebene. <\/p>\n<p>In dieser Ausgabe teilt Opti 2012 den gleichen physischen Raum mit Expo\u00d3ptica (Internationale Ausstellung f\u00fcr Augenoptik und Optometrie). <\/p>\n<p><\/font><\/p>\n","protected":false},"excerpt":{"rendered":"<p>k\u00f6nnen Sie das Altern des Gehirns verz\u00f6gern? Dem 22. internationalen Kongress der Optometrie, Kontaktlinsen und Optik Oft\u00e1lmica (Opti 2012) wird gefeiert in IFEMA (Madrid) zwischen 17 und 19 Februar -Dr. Francisco Mora, Hirnforscher und Professor der menschlichen Physiologie der UCM, werden in der Entscheidung, heute Freitag 17. Februar, die erste Konferenz der Opti 2012, mit [&hellip;]<\/p>\n","protected":false},"author":1,"featured_media":0,"comment_status":"close","ping_status":"open","sticky":false,"template":"","format":"standard","meta":{"footnotes":""},"categories":[3],"tags":[11911,11908,11909,11905,11904,11903,11910,11907,11906],"class_list":["post-3597","post","type-post","status-publish","format-standard","hentry","category-allgemeine","tag-madrid","tag-opti","tag-11909","tag-brdem","tag-gehirns","tag-granadafebruar","tag-ifema","tag-oftlmica","tag-optometrie","et-doesnt-have-format-content","et_post_format-et-post-format-standard"],"_links":{"self":[{"href":"https:\/\/www.best-dentist-dentistry.com\/de\/wp-json\/wp\/v2\/posts\/3597","targetHints":{"allow":["GET"]}}],"collection":[{"href":"https:\/\/www.best-dentist-dentistry.com\/de\/wp-json\/wp\/v2\/posts"}],"about":[{"href":"https:\/\/www.best-dentist-dentistry.com\/de\/wp-json\/wp\/v2\/types\/post"}],"author":[{"embeddable":true,"href":"https:\/\/www.best-dentist-dentistry.com\/de\/wp-json\/wp\/v2\/users\/1"}],"replies":[{"embeddable":true,"href":"https:\/\/www.best-dentist-dentistry.com\/de\/wp-json\/wp\/v2\/comments?post=3597"}],"version-history":[{"count":0,"href":"https:\/\/www.best-dentist-dentistry.com\/de\/wp-json\/wp\/v2\/posts\/3597\/revisions"}],"wp:attachment":[{"href":"https:\/\/www.best-dentist-dentistry.com\/de\/wp-json\/wp\/v2\/media?parent=3597"}],"wp:term":[{"taxonomy":"category","embeddable":true,"href":"https:\/\/www.best-dentist-dentistry.com\/de\/wp-json\/wp\/v2\/categories?post=3597"},{"taxonomy":"post_tag","embeddable":true,"href":"https:\/\/www.best-dentist-dentistry.com\/de\/wp-json\/wp\/v2\/tags?post=3597"}],"curies":[{"name":"wp","href":"https:\/\/api.w.org\/{rel}","templated":true}]}}