{"id":36017,"date":"2013-03-20T02:46:29","date_gmt":"2013-03-20T02:46:29","guid":{"rendered":null},"modified":"-0001-11-30T00:00:00","modified_gmt":"-0001-11-30T00:00:00","slug":"salvadoran-organizations-ask-citizens-to-stop-using-tobacco","status":"publish","type":"post","link":"https:\/\/www.best-dentist-dentistry.com\/de\/salvadoran-organizations-ask-citizens-to-stop-using-tobacco\/36017","title":{"rendered":"salvadoran organizations ask citizens to stop using tobacco"},"content":{"rendered":"<p class=\"first\"> <span class=\"yshortcuts\" id=\"lw_1338145109_3\"> San Salvador<\/span>, 27. Mai (EFE).-<span class=\"yshortcuts\" id=\"lw_1338145109_0\"> das Gesundheitsministerium von El Salvador<\/span>, heute zusammen mit verschiedenen unabh\u00e4ngigen Agenturen genannt, auf die salvadorianische Gesellschaft, vor allem junge Menschen zu beenden, mit Tabak wegen der schweren Sch\u00e4den f\u00fcr die Gesundheit.<\/p>\n<p>&#8220;Diesen Tag wollen das Problem des Rauchens zu sensibilisieren&#8221;, sagte sie \u00fcber die Sch\u00e4den f\u00fcr die Gesundheit, Efe Ana Yansi Vega, Koordinator der Tabak-Verbrauch-Einstellung-Klinik des staatlichen Krankenhauses Rosales, zur Teilnahme an einer Demonstration zum Gedenken an die <span class=\"yshortcuts\" id=\"lw_1338145109_5\"> Welt keine Weltnichtrauchertag<\/span>, die auf internationaler Ebene Mai stattfinden wird.<\/p>\n<p>Ist notwendig, auf den Einsatz von Tabak wegen der Probleme, die verursachen, wie z. B. &#8220;Pulmonale, kardiale, zerebrale&#8221;, unter anderem Vega sagte,.<\/p>\n<p>Die Situation des Rauchens in El Salvador &#8220;ist sehr schwierig&#8221;, weil &#8220;die neueste Umfrage (der Gesundheit)-Kinder im Alter von 13-15 34 Prozent bereits ger\u00e4uchert oder geraucht&#8221; und &#8220;50 Prozent von ihnen begann im Alter von 10,&#8221; sagte Efe Eduardo Ortiz, Berater f\u00fcr Umwelt und Gesundheit und des Risikomanagements der Pan American Health Organization (PAHO).<\/p>\n<p>Der Marsch, genannt &#8220;Kinder und junge Menschen aufwachsen ohne Tabak&#8221; fand im Rahmen der Welt keine Tabak-Tag, die im Jahr 1987 mit dem Ziel der Verringerung der Konsum in der Bev\u00f6lkerung von PAHO verordnet wurde.<\/p>\n<p>W\u00e4hrend des Marsches, die durch einige der wichtigsten Stra\u00dfen der salvadorianischen Hauptstadt ging, \u00fcbergab die Gesundheitsbeh\u00f6rden Dokumente mit Informationen \u00fcber die Sch\u00e4den, die durch Tabakkonsum.<\/p>\n<p>Laut Angaben der PAHO, ist der wichtigste Risikofaktor zugeordnet, den Tod von fast 6 Millionen Menschen weltweit und die vorzeitige Entstehung der nicht \u00fcbertragbaren chronischen Erkrankungen, wie Krebs, die rauchen.<\/p>\n<p>El Salvador ist das nur zentralamerikanischen Land, die nicht der Konvention Rahmen der Weltgesundheitsorganisation zur Kontrolle von Tabak, ratifiziert hat die 173 Nationen abonniert hat, bemerkte Ortiz.<\/p>\n<p>Hat das Gesetz f\u00fcr Tabakkontrolle, der im August letzten Jahres in Kraft trat, aber immer noch jedoch die Verabschiedung der &#8220;Verordnung&#8221;, so dass er &#8220;mit aller Kraft angewendet werden kann&#8221;, f\u00fcgte er hinzu.<\/p>\n<p>Eduardo Ortiz, Umwelt und Gesundheit-Advisor und Risikomanagement der Pan-American-Organisation der Gesundheit (PAHO) angegeben, dass die Situation des Rauchens in El Salvador &#8220;sehr schwierig&#8221; da &#8220;Kinder-Umfrage von 13-15 Jahre 34 Prozent bereits ger\u00e4uchert oder geraucht&#8221;. WireImage \/<\/p>\n","protected":false},"excerpt":{"rendered":"<p>San Salvador, 27. Mai (EFE).- das Gesundheitsministerium von El Salvador, heute zusammen mit verschiedenen unabh\u00e4ngigen Agenturen genannt, auf die salvadorianische Gesellschaft, vor allem junge Menschen zu beenden, mit Tabak wegen der schweren Sch\u00e4den f\u00fcr die Gesundheit. &#8220;Diesen Tag wollen das Problem des Rauchens zu sensibilisieren&#8221;, sagte sie \u00fcber die Sch\u00e4den f\u00fcr die Gesundheit, Efe Ana [&hellip;]<\/p>\n","protected":false},"author":1,"featured_media":0,"comment_status":"close","ping_status":"open","sticky":false,"template":"","format":"standard","meta":{"footnotes":""},"categories":[3],"tags":[],"class_list":["post-36017","post","type-post","status-publish","format-standard","hentry","category-allgemeine","et-doesnt-have-format-content","et_post_format-et-post-format-standard"],"_links":{"self":[{"href":"https:\/\/www.best-dentist-dentistry.com\/de\/wp-json\/wp\/v2\/posts\/36017","targetHints":{"allow":["GET"]}}],"collection":[{"href":"https:\/\/www.best-dentist-dentistry.com\/de\/wp-json\/wp\/v2\/posts"}],"about":[{"href":"https:\/\/www.best-dentist-dentistry.com\/de\/wp-json\/wp\/v2\/types\/post"}],"author":[{"embeddable":true,"href":"https:\/\/www.best-dentist-dentistry.com\/de\/wp-json\/wp\/v2\/users\/1"}],"replies":[{"embeddable":true,"href":"https:\/\/www.best-dentist-dentistry.com\/de\/wp-json\/wp\/v2\/comments?post=36017"}],"version-history":[{"count":0,"href":"https:\/\/www.best-dentist-dentistry.com\/de\/wp-json\/wp\/v2\/posts\/36017\/revisions"}],"wp:attachment":[{"href":"https:\/\/www.best-dentist-dentistry.com\/de\/wp-json\/wp\/v2\/media?parent=36017"}],"wp:term":[{"taxonomy":"category","embeddable":true,"href":"https:\/\/www.best-dentist-dentistry.com\/de\/wp-json\/wp\/v2\/categories?post=36017"},{"taxonomy":"post_tag","embeddable":true,"href":"https:\/\/www.best-dentist-dentistry.com\/de\/wp-json\/wp\/v2\/tags?post=36017"}],"curies":[{"name":"wp","href":"https:\/\/api.w.org\/{rel}","templated":true}]}}