{"id":36040,"date":"2013-03-21T05:29:44","date_gmt":"2013-03-21T05:29:44","guid":{"rendered":null},"modified":"-0001-11-30T00:00:00","modified_gmt":"-0001-11-30T00:00:00","slug":"the-college-of-nursing-of-alicante-held-an-institutional-act-to-close-the-program-of-commemorative-activities-of-san-juan-de-dios","status":"publish","type":"post","link":"https:\/\/www.best-dentist-dentistry.com\/de\/the-college-of-nursing-of-alicante-held-an-institutional-act-to-close-the-program-of-commemorative-activities-of-san-juan-de-dios\/36040","title":{"rendered":"Das Kollegium der Krankenpflege von Alicante statt institutionellen Akt um das Programm der Gedenk Aktivit\u00e4ten von San Juan de Dios."},"content":{"rendered":"<p><strong>The College der Krankenpflege von Alicante statt institutionellen Akt um das Programm der Gedenk-Aktivit\u00e4ten von San Juan de Dios.<\/strong> <\/p>\n<p><font size=\"2\"> <strong>Spanien, M\u00e4rz 2013.-<\/strong> El-College der Krankenpflege von Alicante gehostet letzten Freitag, 15. M\u00e4rz, eine institutionelle Veranstaltung, die das Programm von Aktivit\u00e4ten organisiert, um das Fest des San Juan de Dios, Krankenpflege Muster zu gedenken geschlossen. <\/p>\n<p>W\u00e4hrend des gleichen einen Vortrag mit dem Titel &#8221; Pflege Herzen: Pr\u00e4ventionsstrategien &#8221;, verantwortlich f\u00fcr M\u00aa Dolores Gil Estevan, Vokal V College Krankenpflege von Alicante. <\/p>\n<p>Sie hatte auch in diesem Akt die Preisverleihung des entsprechenden mit dem VIII-Preis Fotografie Wettbewerbe, XIII Ausstellung Malerei und Malwettbewerb XIII ausgestattet. <\/p>\n<p>Danach fanden Ehrungen ehemalige Kollegen im Jahr 2012, die 50 Jahre Mitgliedschaft im vergangenen Jahr und das Alter der Provinz Alicante, Pascual Ruiz Galiano professionelle gekennzeichnet. <\/p>\n<p><\/font><\/p>\n","protected":false},"excerpt":{"rendered":"<p>The College der Krankenpflege von Alicante statt institutionellen Akt um das Programm der Gedenk-Aktivit\u00e4ten von San Juan de Dios. Spanien, M\u00e4rz 2013.- El-College der Krankenpflege von Alicante gehostet letzten Freitag, 15. M\u00e4rz, eine institutionelle Veranstaltung, die das Programm von Aktivit\u00e4ten organisiert, um das Fest des San Juan de Dios, Krankenpflege Muster zu gedenken geschlossen. W\u00e4hrend [&hellip;]<\/p>\n","protected":false},"author":1,"featured_media":0,"comment_status":"close","ping_status":"open","sticky":false,"template":"","format":"standard","meta":{"footnotes":""},"categories":[3],"tags":[46082,46081],"class_list":["post-36040","post","type-post","status-publish","format-standard","hentry","category-allgemeine","tag-gedenk-aktivitten","tag-traurig","et-doesnt-have-format-content","et_post_format-et-post-format-standard"],"_links":{"self":[{"href":"https:\/\/www.best-dentist-dentistry.com\/de\/wp-json\/wp\/v2\/posts\/36040","targetHints":{"allow":["GET"]}}],"collection":[{"href":"https:\/\/www.best-dentist-dentistry.com\/de\/wp-json\/wp\/v2\/posts"}],"about":[{"href":"https:\/\/www.best-dentist-dentistry.com\/de\/wp-json\/wp\/v2\/types\/post"}],"author":[{"embeddable":true,"href":"https:\/\/www.best-dentist-dentistry.com\/de\/wp-json\/wp\/v2\/users\/1"}],"replies":[{"embeddable":true,"href":"https:\/\/www.best-dentist-dentistry.com\/de\/wp-json\/wp\/v2\/comments?post=36040"}],"version-history":[{"count":0,"href":"https:\/\/www.best-dentist-dentistry.com\/de\/wp-json\/wp\/v2\/posts\/36040\/revisions"}],"wp:attachment":[{"href":"https:\/\/www.best-dentist-dentistry.com\/de\/wp-json\/wp\/v2\/media?parent=36040"}],"wp:term":[{"taxonomy":"category","embeddable":true,"href":"https:\/\/www.best-dentist-dentistry.com\/de\/wp-json\/wp\/v2\/categories?post=36040"},{"taxonomy":"post_tag","embeddable":true,"href":"https:\/\/www.best-dentist-dentistry.com\/de\/wp-json\/wp\/v2\/tags?post=36040"}],"curies":[{"name":"wp","href":"https:\/\/api.w.org\/{rel}","templated":true}]}}