{"id":36067,"date":"2013-03-23T02:35:44","date_gmt":"2013-03-23T02:35:44","guid":{"rendered":null},"modified":"-0001-11-30T00:00:00","modified_gmt":"-0001-11-30T00:00:00","slug":"andalusian-board-asks-the-government-to-reconsider-the-health-decree-and-to-ensure-attention-to-all-persons","status":"publish","type":"post","link":"https:\/\/www.best-dentist-dentistry.com\/de\/andalusian-board-asks-the-government-to-reconsider-the-health-decree-and-to-ensure-attention-to-all-persons\/36067","title":{"rendered":"Andalusische Board fordert die Regierung, die Gesundheit Dekret zu &#8220;\u00fcberdenken&#8221; und die Aufmerksamkeit auf alle Personen zu gew\u00e4hrleisten"},"content":{"rendered":"<p class=\"first\"> SEVILLA, 17 (EUROPA PRESS)<\/p>\n<p>La Junta de Andaluc\u00eda umgezogen am Donnerstag an die Regierung einen R\u00fcckzieher \u00fcber die Zusammenarbeit bei der Suche nach L\u00f6sungen f\u00fcr das Gesundheitswesen zur Zeit ihn in die k\u00f6nigliche Verordnung \u00fcber dringende Ma\u00dfnahmen zur Sicherstellung der Nachhaltigkeit des nationalen Gesundheitssystems (SNS) Gew\u00e4hrleistung &#8220;Gesundheitsversorgung f\u00fcr alle Personen mit Wohnsitz in diesem Land&#8221; enthaltenen Ma\u00dfnahmen \u00fcberdenken angefordert.<\/p>\n<p>So es der Generaldirektor einer Koordination der wandernden des Vorstands, Roc\u00edo Palacios, verteidigt hat,, zusammen mit Murcia vertreten hat, Autonome Regionen auf dem Forum f\u00fcr die soziale Integration von Immigranten statt Donnerstag des Generalsekretariats f\u00fcr Einwanderung und Auswanderung, das Ministerium f\u00fcr Arbeit und soziale Sicherheit, wo sie sind integrierte Verwaltungen, Organisationen und Agenten, die die Welt der Migration funktionieren abh\u00e4ngig.<\/p>\n<p>Auf diese Weise gesagt Palacios Europa Press, dass dieses Treffen der Inhalt des k\u00f6niglichen Dekret Gesundheitsma\u00dfnahmen, diskutiert heute gleichzeitig in die Abgeordnetenkammer gew\u00e4hlt ist. So haben hingewiesen, w\u00e4hrend der intensiven Debatte Mitglieder des Forums Regierung seine &#8220;Unzufriedenheit&#8221; zog f\u00fcr das K\u00f6nigliche Dekret zu diskutieren, wenn Publikum vor dem Forum des Textes als die Statuten der gleichen Marke zu geben. <\/p>\n<p>In diesem Sinne erinnert daran, dass &#8220;Wenn es eine \u00c4nderung oder Erlass einer Norm durch den Staat \u00fcber die soziale Integration von Menschen, dies ist f\u00fcr die Ber\u00fccksichtigung des Forums vorzulegen, und in diesem Fall es nicht war so&#8221;. Laut Palacios hat die Regierung f\u00fcr &#8220;die Dringlichkeit der Ma\u00dfnahmen&#8221; entschuldigt. <\/p>\n<p>W\u00e4hrend der Debatte hat die Haltung der andalusischen Regierung in Zusammenarbeit mit der zentralen Exekutive und zur gleichen Zeit, &#8220;Ablehnung&#8221; des Dekrets, von Palacios verteidigt, weil er glaubt, dass &#8220;die einzelne Entzug der Rechte des Gesundheitswesens an Personen Einwanderer in einer regelwidrigen Lage nicht nur Ihre Gesundheit, sondern auch der Bev\u00f6lkerung im allgemeinen gef\u00e4hrde&#8221;.<\/p>\n<p>RECHTSFORMEL darauf achten, in Andalusien<\/p>\n<p>Online, Palacios bestand darauf, dass Andalusien, zusammen mit anderen Gemeinschaften wie die Kanarischen Inseln, Navarra, Katalonien und Baskenland, &#8220;wir, die Kompetenz im Rahmen der Gemeinschaften, die juristische Formel studieren um zu sehen, dass die Ma\u00dfnahme Gesundheit irregul\u00e4re Migranten unterst\u00fctzen kann&#8221;.<\/p>\n<p>Daher, der Vertreter von Andalusien und andere Gemeinschaften hat dr\u00e4ngte die Regierung, &#8220;\u00fcberdenken&#8221; seine Position und haben &#8220;Sie eher die Hand&#8221; Wege finden, die gute F\u00fchrung des NHS, sondern auch garantiert &#8220;Gesundheitsversorgung&#8221; alle Personen ihren Wohnsitz in dem Land gew\u00e4hrleisten.<\/p>\n<p>Auf der anderen Seite Roc\u00edo Palacios sagte, dass auch w\u00e4hrend der Entwicklung des Forums hat einen Bericht \u00fcber die Situation der ausl\u00e4ndischen Bev\u00f6lkerung, &#8220;das Ministerium f\u00fcr Besch\u00e4ftigung und soziale Sicherheit wollte nicht genehmigen, da es einem Abschnitt \u00fcber die Gesundheit dieser Gruppe, die enth\u00e4lt einen Appell, enthalten damit, da\u00df es die Ma\u00dfnahmen des K\u00f6niglichen Dekrets \u00fcberdenkt&#8221;.<\/p>\n<p>, Forum, Beratung, Informationen und Beratung im Bereich der Integration von Einwanderern ist angeschlossen an das Ministerium f\u00fcr Arbeit und soziale Sicherheit durch das Generalsekretariat f\u00fcr Einwanderung und Auswanderung, hat beschlossen, die spezielle telefonieren an das K\u00f6nigliche Dekret, nach Palacios, das Treffen am Donnerstag &#8220;einschr\u00e4nkt und schr\u00e4nkt die Befugnisse des ForumsEs musste das Dekret zu untersuchen, wie in dem Kongress beschlossen. <\/p>\n<p>Auf der anderen Seite, der Generaldirektor einer Koordination der wandernden Vorstand hat darauf bestanden, dass Andalusien &#8220;k\u00e4mpfen, seit Zust\u00e4ndigkeitsbereich, um jede Person mit Wohnsitz im Gesundheitswesen Gemeinschaft zu machen&#8221; und erinnerte daran, dass die Position der andalusischen Beh\u00f6rden &#8220;ausgestreckte Hand&#8221; nach L\u00f6sungen suchen, die die NHS und Menschen profitieren werden.<\/p>\n<p>Schlie\u00dflich hat gezeigt sein Vertrauen, dass &#8220;wird erneut&#8221; misst und sind auf der Suche nach &#8220;ein Abkommen mit politischen Gruppen und Vertreter der Zivilgesellschaft,&#8221;, wie es in einem Staat wie diese Frage notwendig ist.    <\/p>\n","protected":false},"excerpt":{"rendered":"<p>SEVILLA, 17 (EUROPA PRESS) La Junta de Andaluc\u00eda umgezogen am Donnerstag an die Regierung einen R\u00fcckzieher \u00fcber die Zusammenarbeit bei der Suche nach L\u00f6sungen f\u00fcr das Gesundheitswesen zur Zeit ihn in die k\u00f6nigliche Verordnung \u00fcber dringende Ma\u00dfnahmen zur Sicherstellung der Nachhaltigkeit des nationalen Gesundheitssystems (SNS) Gew\u00e4hrleistung &#8220;Gesundheitsversorgung f\u00fcr alle Personen mit Wohnsitz in diesem Land&#8221; [&hellip;]<\/p>\n","protected":false},"author":1,"featured_media":0,"comment_status":"close","ping_status":"open","sticky":false,"template":"","format":"standard","meta":{"footnotes":""},"categories":[3],"tags":[46140],"class_list":["post-36067","post","type-post","status-publish","format-standard","hentry","category-allgemeine","tag-rhre","et-doesnt-have-format-content","et_post_format-et-post-format-standard"],"_links":{"self":[{"href":"https:\/\/www.best-dentist-dentistry.com\/de\/wp-json\/wp\/v2\/posts\/36067","targetHints":{"allow":["GET"]}}],"collection":[{"href":"https:\/\/www.best-dentist-dentistry.com\/de\/wp-json\/wp\/v2\/posts"}],"about":[{"href":"https:\/\/www.best-dentist-dentistry.com\/de\/wp-json\/wp\/v2\/types\/post"}],"author":[{"embeddable":true,"href":"https:\/\/www.best-dentist-dentistry.com\/de\/wp-json\/wp\/v2\/users\/1"}],"replies":[{"embeddable":true,"href":"https:\/\/www.best-dentist-dentistry.com\/de\/wp-json\/wp\/v2\/comments?post=36067"}],"version-history":[{"count":0,"href":"https:\/\/www.best-dentist-dentistry.com\/de\/wp-json\/wp\/v2\/posts\/36067\/revisions"}],"wp:attachment":[{"href":"https:\/\/www.best-dentist-dentistry.com\/de\/wp-json\/wp\/v2\/media?parent=36067"}],"wp:term":[{"taxonomy":"category","embeddable":true,"href":"https:\/\/www.best-dentist-dentistry.com\/de\/wp-json\/wp\/v2\/categories?post=36067"},{"taxonomy":"post_tag","embeddable":true,"href":"https:\/\/www.best-dentist-dentistry.com\/de\/wp-json\/wp\/v2\/tags?post=36067"}],"curies":[{"name":"wp","href":"https:\/\/api.w.org\/{rel}","templated":true}]}}