{"id":36117,"date":"2013-03-23T02:41:13","date_gmt":"2013-03-23T02:41:13","guid":{"rendered":null},"modified":"-0001-11-30T00:00:00","modified_gmt":"-0001-11-30T00:00:00","slug":"idis-proposes-to-mato-deduct-608-million-for-low-income-and-expand-the-mutual-model-to-other-sectors","status":"publish","type":"post","link":"https:\/\/www.best-dentist-dentistry.com\/de\/idis-proposes-to-mato-deduct-608-million-for-low-income-and-expand-the-mutual-model-to-other-sectors\/36117","title":{"rendered":"idis proposes to mato deduct 608 million for low income and expand the mutual model to other sectors"},"content":{"rendered":"<p class=\"first\"> MADRID, 31 (EUROPA PRESS)<\/p>\n<p>Institut f\u00fcr die Entwicklung und Integration von Gesundheit (IDIS) hielt eine Sitzung an diesem Donnerstag mit dem Minister f\u00fcr Gesundheit, soziale Dienste und Gleichheit, Ana Mato, die einen Plan zur vorgeschlagen hat 608 Millionen Euro des Gesundheitssystems durch die steuerliche Absetzbarkeit der privaten Krankenversicherung f\u00fcr Personen mit Jahreseinkommen von weniger als 30.000 Euro sparen.<\/p>\n<p>Dem Bericht zufolge sparen ist eine Folge von &#8220;das gegenseitige Modell erweitert auf andere Sektoren&#8221;, auf eine Steigerung von 15 % der Versicherten in diesem Sektor bei Anwendung dieser Steuererleichterung gesch\u00e4tzt. Also zu dieser Version an die staatlichen Systeme 608 Millionen Euro Ausgaben ohne daher unbeschadet von Benutzer.<\/p>\n<p>, Hat betont, dass das Gesundheitswesen in Spanien Mittel zur hat &#8220;F\u00f6rderung die Konsolidierung der Ziele, die einmal gekennzeichnet sind&#8221; definiert das Leistungsportfolio. Auch darauf hingewiesen, dass 86 % der Privatwirtschaft hat welche stellt eine internationale Akkreditierung.<\/p>\n<p>IDIS ist eine gemeinn\u00fctzige Organisation, deren Ziel ist es, den Beitrag der privaten Gesundheit in Spanien zu sch\u00e4tzen und z\u00e4hlt zu seinen Partner-Entit\u00e4ten als Adeslas, Asis, Axa, Mapfre oder Sanitas.<\/p>\n","protected":false},"excerpt":{"rendered":"<p>MADRID, 31 (EUROPA PRESS) Institut f\u00fcr die Entwicklung und Integration von Gesundheit (IDIS) hielt eine Sitzung an diesem Donnerstag mit dem Minister f\u00fcr Gesundheit, soziale Dienste und Gleichheit, Ana Mato, die einen Plan zur vorgeschlagen hat 608 Millionen Euro des Gesundheitssystems durch die steuerliche Absetzbarkeit der privaten Krankenversicherung f\u00fcr Personen mit Jahreseinkommen von weniger als [&hellip;]<\/p>\n","protected":false},"author":1,"featured_media":0,"comment_status":"close","ping_status":"open","sticky":false,"template":"","format":"standard","meta":{"footnotes":""},"categories":[3],"tags":[],"class_list":["post-36117","post","type-post","status-publish","format-standard","hentry","category-allgemeine","et-doesnt-have-format-content","et_post_format-et-post-format-standard"],"_links":{"self":[{"href":"https:\/\/www.best-dentist-dentistry.com\/de\/wp-json\/wp\/v2\/posts\/36117","targetHints":{"allow":["GET"]}}],"collection":[{"href":"https:\/\/www.best-dentist-dentistry.com\/de\/wp-json\/wp\/v2\/posts"}],"about":[{"href":"https:\/\/www.best-dentist-dentistry.com\/de\/wp-json\/wp\/v2\/types\/post"}],"author":[{"embeddable":true,"href":"https:\/\/www.best-dentist-dentistry.com\/de\/wp-json\/wp\/v2\/users\/1"}],"replies":[{"embeddable":true,"href":"https:\/\/www.best-dentist-dentistry.com\/de\/wp-json\/wp\/v2\/comments?post=36117"}],"version-history":[{"count":0,"href":"https:\/\/www.best-dentist-dentistry.com\/de\/wp-json\/wp\/v2\/posts\/36117\/revisions"}],"wp:attachment":[{"href":"https:\/\/www.best-dentist-dentistry.com\/de\/wp-json\/wp\/v2\/media?parent=36117"}],"wp:term":[{"taxonomy":"category","embeddable":true,"href":"https:\/\/www.best-dentist-dentistry.com\/de\/wp-json\/wp\/v2\/categories?post=36117"},{"taxonomy":"post_tag","embeddable":true,"href":"https:\/\/www.best-dentist-dentistry.com\/de\/wp-json\/wp\/v2\/tags?post=36117"}],"curies":[{"name":"wp","href":"https:\/\/api.w.org\/{rel}","templated":true}]}}