{"id":36135,"date":"2013-03-23T02:43:57","date_gmt":"2013-03-23T02:43:57","guid":{"rendered":null},"modified":"-0001-11-30T00:00:00","modified_gmt":"-0001-11-30T00:00:00","slug":"feijoo-advocates-in-galician-health-there-sufficient-specialists-to-cater-for-the-elderly","status":"publish","type":"post","link":"https:\/\/www.best-dentist-dentistry.com\/de\/feijoo-advocates-in-galician-health-there-sufficient-specialists-to-cater-for-the-elderly\/36135","title":{"rendered":"Feijoo bef\u00fcrwortet im galizischen Gesundheit dort &#8220;ausreichend&#8221; Spezialisten f\u00fcr Senioren gerecht"},"content":{"rendered":"<p class=\"first\"> SANTIAGO DE COMPOSTELA, 7 (EUROPA PRESS)<\/p>\n<p>Der Pr\u00e4sident der Xunta de Galicia, Alberto N\u00fa\u00f1ez Feij\u00f3o, hat argumentiert, dass Krankenh\u00e4user und Prim\u00e4rversorgung in der Gemeinschaft gen\u00fcgend Spezialisten an &#8220;alle&#8221; Galizisch &#8220;unabh\u00e4ngig von ihrem Alter&#8221;, als Experten in der Geriatrie am letzten Tag von Galicien geschuftet &#8220;gut&#8221; verwaltet nicht die Ressourcen auf diesem Gebiet.<\/p>\n<p>Insbesondere die Pr\u00e4sentation des Kongresses der spanischen Gesellschaft f\u00fcr Geriatrie, seinem Pr\u00e4sidenten Arzt Pedro Gil exemplifiziert mit eingeschr\u00e4nkter Kapazit\u00e4t die Community und erkl\u00e4rt, die hat nur zwei Krankenh\u00e4user mit Service von Geriatrie, Meixoeiro in Vigo und Lucus Augusti, Lugo, bilden &#8220;nur zwei oder drei Bewohner pro Jahr&#8221;.<\/p>\n<p>In diesem Zusammenhang Feijoo hat betont, dass es eine technische Diskussion &#8220;seit l\u00e4ngerem gibt&#8221; zwischen Experten Gerontologie und Innere Medizin, da die zweiten Fachexperten verstehen &#8220;Wer sind die ausreichend bef\u00e4higt und ausgebildete Patienten von fortgeschrittenen Alters zu dienen&#8221;.<\/p>\n<p>In diesem Zusammenhang nach \u00dcbermittlung ihrer &#8220;Respekt&#8221;, Gerontologen, festgestellt, dass Galicien hat &#8220;ein Verh\u00e4ltnis h\u00f6her als der durchschnittliche Innere Medizin&#8221; und im galicischen Krankenh\u00e4user und Prim\u00e4rversorgung verteidigt hat dort &#8220;ausreichend&#8221; Spezialisten &#8220;alle Galicier&#8221;, unabh\u00e4ngig von ihrem Alter zu dienen.<\/p>\n<p>Diskussionen zwischen Spezialit\u00e4ten, wurde an die Beh\u00f6rden des Ministeriums f\u00fcr Industrie, unterscheiden weitergeleitet &rsquo; Was sind Kompetenzen &#8220;jedes.<\/p>\n","protected":false},"excerpt":{"rendered":"<p>SANTIAGO DE COMPOSTELA, 7 (EUROPA PRESS) Der Pr\u00e4sident der Xunta de Galicia, Alberto N\u00fa\u00f1ez Feij\u00f3o, hat argumentiert, dass Krankenh\u00e4user und Prim\u00e4rversorgung in der Gemeinschaft gen\u00fcgend Spezialisten an &#8220;alle&#8221; Galizisch &#8220;unabh\u00e4ngig von ihrem Alter&#8221;, als Experten in der Geriatrie am letzten Tag von Galicien geschuftet &#8220;gut&#8221; verwaltet nicht die Ressourcen auf diesem Gebiet. Insbesondere die Pr\u00e4sentation [&hellip;]<\/p>\n","protected":false},"author":1,"featured_media":0,"comment_status":"close","ping_status":"open","sticky":false,"template":"","format":"standard","meta":{"footnotes":""},"categories":[3],"tags":[],"class_list":["post-36135","post","type-post","status-publish","format-standard","hentry","category-allgemeine","et-doesnt-have-format-content","et_post_format-et-post-format-standard"],"_links":{"self":[{"href":"https:\/\/www.best-dentist-dentistry.com\/de\/wp-json\/wp\/v2\/posts\/36135","targetHints":{"allow":["GET"]}}],"collection":[{"href":"https:\/\/www.best-dentist-dentistry.com\/de\/wp-json\/wp\/v2\/posts"}],"about":[{"href":"https:\/\/www.best-dentist-dentistry.com\/de\/wp-json\/wp\/v2\/types\/post"}],"author":[{"embeddable":true,"href":"https:\/\/www.best-dentist-dentistry.com\/de\/wp-json\/wp\/v2\/users\/1"}],"replies":[{"embeddable":true,"href":"https:\/\/www.best-dentist-dentistry.com\/de\/wp-json\/wp\/v2\/comments?post=36135"}],"version-history":[{"count":0,"href":"https:\/\/www.best-dentist-dentistry.com\/de\/wp-json\/wp\/v2\/posts\/36135\/revisions"}],"wp:attachment":[{"href":"https:\/\/www.best-dentist-dentistry.com\/de\/wp-json\/wp\/v2\/media?parent=36135"}],"wp:term":[{"taxonomy":"category","embeddable":true,"href":"https:\/\/www.best-dentist-dentistry.com\/de\/wp-json\/wp\/v2\/categories?post=36135"},{"taxonomy":"post_tag","embeddable":true,"href":"https:\/\/www.best-dentist-dentistry.com\/de\/wp-json\/wp\/v2\/tags?post=36135"}],"curies":[{"name":"wp","href":"https:\/\/api.w.org\/{rel}","templated":true}]}}