{"id":36140,"date":"2013-03-23T02:44:22","date_gmt":"2013-03-23T02:44:22","guid":{"rendered":null},"modified":"-0001-11-30T00:00:00","modified_gmt":"-0001-11-30T00:00:00","slug":"us-ready-for-judicial-decision-on-reform-health-sebelius","status":"publish","type":"post","link":"https:\/\/www.best-dentist-dentistry.com\/de\/us-ready-for-judicial-decision-on-reform-health-sebelius\/36140","title":{"rendered":"U.S. gerichtliche Entscheidung auf die Reform Gesundheit bereit: Sebelius"},"content":{"rendered":"<p class=\"first\"> WASHINGTON (Reuters) &#8211; der <span class=\"yshortcuts\" id=\"lw_1339100109_0\"> Secretary Of Health And Human Services USA<\/span>, Kathleen <span class=\"yshortcuts\" id=\"lw_1339100109_1\"> Sebelius<\/span>, sagte am Donnerstag, dass die Regierung bereit, reagieren, wenn das <span class=\"yshortcuts\" id=\"lw_1339100109_4\"> oberste Gericht<\/span> ganz oder teilweise <span class=\"yshortcuts\" id=\"lw_1339100109_5\"> dem Gesetz<\/span> der Reform des Gesundheitssystems wird aufgehoben, erwartet ein Thema auf dem den Gerichtshof diesen Monat sein wird.<\/p>\n<p>Bei einem Forum im Wei\u00dfen Haus \u00fcber die Recht und <span class=\"yshortcuts\" id=\"lw_1339100109_3\"> Gesundheitsproblemen<\/span> bei Frauen, Sebelius sagte die Verwaltung bleibt &#8220;zuversichtlich und optimistisch&#8221;, dass das Gesetz 2010 konstitutionelle deklariert werden.<\/p>\n<p>, Aber die offizielle hinzugef\u00fcgt, wenn die Entscheidung des Gerichts ung\u00fcnstig ist, &#8220;wir f\u00fcr Notf\u00e4lle bereit sind&#8221;. Sebelius gab keine Details \u00fcber, wie die Regierung reagieren w\u00fcrde.<\/p>\n<p><span class=\"yshortcuts\" id=\"lw_1339100109_2\"> Rechtsreform, eine der gr\u00f6\u00dften Errungenschaften in der Innenpolitik von Pr\u00e4sident Barack Obama,<\/span> w\u00fcrde Krankenversicherung an mehr als 30 Millionen unversicherte Personen zu erweitern, erweitern Sie Medicare, f\u00fcr die Armen programmieren und Einrichten Versicherungsm\u00e4rkte geregelt durch den Staat, in dem Menschen mit niedrigem Einkommen subventionierte Pl\u00e4ne kaufen konnte.<\/p>\n<p>Gericht k\u00f6nnte das Gesamtpaket der Reformen zu widerrufen oder zu beseitigen einige Einzelheiten, einschlie\u00dflich der einzelnen Verpflichtung, erfordern die meisten Amerikaner Gesundheitsversorgung Abdeckung f\u00fcr den Augenblick in Gesetz vollst\u00e4ndig in 2014 Inkrafttreten zu erhalten.<\/p>\n<p>Lehnt das Gericht diesen Punkt als Schl\u00fcssel im Fall k\u00f6nnte die F\u00e4higkeit des Gesetzes halten Abdeckung Kosten niedrig untergraben, indem eine Verpflichtung, die jung und gesund Gesundheit versichern.<\/p>\n<p>Die meisten der alternativen M\u00f6glichkeiten der Kostenreduzierung Krankenversicherung w\u00fcrde erfordern die Zusammenarbeit des Kongresses, ein wenig unsicher, zumal viele Republikaner f\u00fcr die Abschaffung des Gesetzes gestimmt.<\/p>\n<p>Sebelius zeigt die Gelbe Karte, dass die Entscheidung des Gerichts den Rechtsvorschriften v\u00f6llig entlassen h\u00e4tte &#8220;the Impact of einer Katastrophe&#8221; auf Millionen von Menschen, darunter 60.000 mit Vorerkrankungen, die Abdeckung durch ein Programm erstellt, das Recht erhalten konnten.<\/p>\n<p>Die <span class=\"yshortcuts\" id=\"lw_1339100109_6\"> Regierung m\u00fcsste noch<\/span> etablierte neue Preise f\u00fcr Medicare, das beliebte Programm der medizinischen Versorgung f\u00fcr \u00e4ltere Menschen und Behinderte, da sie nicht mehr die h\u00f6here Auszahlungsrate f\u00fcr \u00c4rzte g\u00e4be, die pr\u00e4ventive und prim\u00e4re Versorgung.<\/p>\n<p>K\u00f6nnten Millionen junge Erwachsene bereits nicht in ihren Eltern-Abdeckung-Pl\u00e4nen bis 26 Jahren zu bleiben, und eine Reihe von pr\u00e4ventiven Verfahren wie Mammographie und Kindheit Impfungen bereits nicht verf\u00fcgbar ohne Co, w\u00e4ren hinzugef\u00fcgt den Offizier.<\/p>\n<p>&#8220;Was wir tun werden, jetzt, ehrlich gesagt, ist einfach so hart arbeiten wir k\u00f6nnen, um bereit f\u00fcr die 2014&#8221;, sagte Sebelius. &#8220;Wir glauben, dass dies die beste Vorbereitung zu erwarten, dass das Gesetz vollst\u00e4ndig verfassungsrechtlicher ist&#8221; beendet.<\/p>\n<p>(Bericht von David Morgan;) Ver\u00f6ffentlicht in Spanisch von Ana Laura Mitidieri)<\/p>\n","protected":false},"excerpt":{"rendered":"<p>WASHINGTON (Reuters) &#8211; der Secretary Of Health And Human Services USA, Kathleen Sebelius, sagte am Donnerstag, dass die Regierung bereit, reagieren, wenn das oberste Gericht ganz oder teilweise dem Gesetz der Reform des Gesundheitssystems wird aufgehoben, erwartet ein Thema auf dem den Gerichtshof diesen Monat sein wird. Bei einem Forum im Wei\u00dfen Haus \u00fcber die [&hellip;]<\/p>\n","protected":false},"author":1,"featured_media":0,"comment_status":"close","ping_status":"open","sticky":false,"template":"","format":"standard","meta":{"footnotes":""},"categories":[3],"tags":[],"class_list":["post-36140","post","type-post","status-publish","format-standard","hentry","category-allgemeine","et-doesnt-have-format-content","et_post_format-et-post-format-standard"],"_links":{"self":[{"href":"https:\/\/www.best-dentist-dentistry.com\/de\/wp-json\/wp\/v2\/posts\/36140","targetHints":{"allow":["GET"]}}],"collection":[{"href":"https:\/\/www.best-dentist-dentistry.com\/de\/wp-json\/wp\/v2\/posts"}],"about":[{"href":"https:\/\/www.best-dentist-dentistry.com\/de\/wp-json\/wp\/v2\/types\/post"}],"author":[{"embeddable":true,"href":"https:\/\/www.best-dentist-dentistry.com\/de\/wp-json\/wp\/v2\/users\/1"}],"replies":[{"embeddable":true,"href":"https:\/\/www.best-dentist-dentistry.com\/de\/wp-json\/wp\/v2\/comments?post=36140"}],"version-history":[{"count":0,"href":"https:\/\/www.best-dentist-dentistry.com\/de\/wp-json\/wp\/v2\/posts\/36140\/revisions"}],"wp:attachment":[{"href":"https:\/\/www.best-dentist-dentistry.com\/de\/wp-json\/wp\/v2\/media?parent=36140"}],"wp:term":[{"taxonomy":"category","embeddable":true,"href":"https:\/\/www.best-dentist-dentistry.com\/de\/wp-json\/wp\/v2\/categories?post=36140"},{"taxonomy":"post_tag","embeddable":true,"href":"https:\/\/www.best-dentist-dentistry.com\/de\/wp-json\/wp\/v2\/tags?post=36140"}],"curies":[{"name":"wp","href":"https:\/\/api.w.org\/{rel}","templated":true}]}}