{"id":36168,"date":"2013-03-23T02:47:30","date_gmt":"2013-03-23T02:47:30","guid":{"rendered":null},"modified":"-0001-11-30T00:00:00","modified_gmt":"-0001-11-30T00:00:00","slug":"the-right-to-the-land-and-the-culture-turns-on-the-indian-village-of-the-river-more-20","status":"publish","type":"post","link":"https:\/\/www.best-dentist-dentistry.com\/de\/the-right-to-the-land-and-the-culture-turns-on-the-indian-village-of-the-river-more-20\/36168","title":{"rendered":"Das Recht auf das Land und die Kultur schaltet das Indianerdorf des Flusses weitere 20"},"content":{"rendered":"<p class=\"first\"> Rio De Janeiro, 15 jun (EFE).-das Recht auf land und in Bezug auf Kultur laufen Diskussionen der indigenen V\u00f6lker der Welt versammelten sich am Rande von Rio De Janeiro um die Aufmerksamkeit der Herrscher w\u00e4hrend der der UN-Konferenz \u00fcber nachhaltige Entwicklung, Rio + 20.<\/p>\n<p>Indianer, aus mehreren L\u00e4ndern Amerikas, Asiens und Afrikas werden gehostet von Dienstag an ein Dorf in einer Dschungel-Region des Flusses selbst gebaut und hielt ihre Sitzungen und diskutieren ein Dokument mit Forderungen, die an die UNO in den n\u00e4chsten Tagen geliefert wird.<\/p>\n<p>Brasilianische indigene F\u00fchrer Marcos Terena erkl\u00e4rt, dass das Dokument noch in Diskussion, eine &#8220;sehr spezifische&#8221; Agenda von \u00fcblich, alle Forderungen der Ureinwohner, sondern befasst sich haupts\u00e4chlich mit dem Recht auf dem Gebiet und seine kulturelle Bedeutung.<\/p>\n<p>&#8220;In der indigenen Kultur-Ende-Fall einfach die Erde entfernen.&#8221; TERENA landlose indische kann nicht \u00fcberleben&#8221;, zusammengefasst in Anweisungen zu Efe.<\/p>\n<p>Francisco Guaran\u00ed Mbya Guarani Chief Efe, die Streitigkeiten \u00fcber Land erz\u00e4hlt haben mindestens 70 Morde der Indianer in den letzten Jahren verursacht, im Grenzgebiet zwischen Brasilien und Paraguay, eine bl\u00fchende landwirtschaftliche Region wo Landbesitzer &#8220;Besitzer f\u00fchlen&#8221; Bereichen der Naturv\u00f6lker.<\/p>\n<p>&#8220;Es gibt derzeit ein sehr gewaltsame T\u00f6tung-Prozess. Landwirtschaftlichen Betrieb ist sehr stark, dann Konflikte entstehen st\u00e4ndig, &#8220;beklagt den Guaran\u00ed-F\u00fchrer.<\/p>\n<p>Chief Pataxo ha ha ha Thyerry Iatso, Bahia (Brasilien, Nordosten), sagte Efe, dass die Indianer nicht interessiert den wirtschaftlichen Wert der landwirtschaftlichen Fl\u00e4chen und wollen nur ihre Selbstversorgung.<\/p>\n<p>&#8220;The Indians haben die Erde als Muttererde, nicht darin, Hegemonie oder gro\u00dfe Hauptstadt zu haben. &#8220;Die Bedeutung des Landes leben, zum Erhalt der Umwelt, es sauber zu halten, haben gute Wasserqualit\u00e4t der Fl\u00fcsse Kraftwerk-Auflistung und entfernen daher die Existenz unseres Volkes&#8221;, sagte.<\/p>\n<p>Einige Indianer zeigte in ihrem ersten Treffen in Rio, ihren Widerstand gegen die so genannte &#8220;gr\u00fcne Wirtschaft&#8221;, einer der die Themenstellungen der Rio + 20, aus Angst, dass dies f\u00fchrt zu einer &#8220;Privatisierung des Waldes&#8221;.<\/p>\n<p>The Indians auch fordern Schutz vor mineralgewinnenden Aktivit\u00e4ten, die V\u00f6lker der verschiedenen Regionen, aus dem Amazonas zu Philippinen bedrohen.<\/p>\n<p>Indien Igorot Marifel Macalanda Efe sagte, dass die V\u00f6lker der philippinischen Kordilleren Region mit der Aktion der Bergleute in ihren Regionen t\u00e4tig, &#8220;alle Ressourcen der Einnahme ohne etwas f\u00fcr die Indianer&#8221;, Leiden in Projekten, die in der Regel ohne vorherige Abstimmung genehmigt werden.<\/p>\n<p>Diskussionen der Indianer verl\u00e4ngert bis zum Wochenende, wenn eine Delegation dem Riocentro Convention Center, Sitz der Rio + 20, kommunizieren ihre Forderungen innerhalb einer Dialogkonferenz, organisiert von der UNO vor dem Gipfel der Staats-, ab Oktober 20 bis 22 stattfindenden bewegen wird.<\/p>\n<p>Sitzungen stattfinden soll in so genannten &#8220;Hut der Weisheit&#8221;, einem gro\u00dfen Zelt Leinwand und Bambus mit konische Struktur, liegt im Zentrum des Dorfes Kari-Oca, wo heutzutage leben sie Hunderte von Indianern.<\/p>\n<p>Dorf, das eine Fl\u00e4che von Urwald in einer bergigen Region etwa f\u00fcnf Kilometer von der Rio + 20 Kongresszentrum einnimmt, ist ein Schaufenster der Vielfalt und Reichtum der indischen Kulturen geworden.<\/p>\n<p>Parallel zu den Debatten, die Indianer-treffen eine intensive Agenda der traditionellen Sport, kulturelle und geistige Aktivit\u00e4ten.<\/p>\n<p>Die meisten Indianer lagerten in Rio sind Brasilien, aber die Organisatoren hoffen, dass andere V\u00f6lker der Nachbarl\u00e4nder, die logistischen Probleme, die bis zum 22. Tag Ankunft gegen\u00fcbergestellt haben.<\/p>\n<p>Manuel P\u00e9rez Bella<\/p>\n<p>A Xavante Indian Schritte nach dem Plenum zun\u00e4chst durchgef\u00fchrt von indigenen V\u00f6lkern aus verschiedenen Teilen der Welt im Dorf Kari-Oca, die Vorschl\u00e4ge zu diskutieren, die auf pr\u00e4sentiert werden die der UN-RIO-Konferenz in der Stadt Rio De Janeiro (Brasilien) stattfindet. EFE<\/p>\n","protected":false},"excerpt":{"rendered":"<p>Rio De Janeiro, 15 jun (EFE).-das Recht auf land und in Bezug auf Kultur laufen Diskussionen der indigenen V\u00f6lker der Welt versammelten sich am Rande von Rio De Janeiro um die Aufmerksamkeit der Herrscher w\u00e4hrend der der UN-Konferenz \u00fcber nachhaltige Entwicklung, Rio + 20. Indianer, aus mehreren L\u00e4ndern Amerikas, Asiens und Afrikas werden gehostet von [&hellip;]<\/p>\n","protected":false},"author":1,"featured_media":0,"comment_status":"close","ping_status":"open","sticky":false,"template":"","format":"standard","meta":{"footnotes":""},"categories":[3],"tags":[46185,46184],"class_list":["post-36168","post","type-post","status-publish","format-standard","hentry","category-allgemeine","tag-indianerdorf","tag-milch-prothese-hersteller","et-doesnt-have-format-content","et_post_format-et-post-format-standard"],"_links":{"self":[{"href":"https:\/\/www.best-dentist-dentistry.com\/de\/wp-json\/wp\/v2\/posts\/36168","targetHints":{"allow":["GET"]}}],"collection":[{"href":"https:\/\/www.best-dentist-dentistry.com\/de\/wp-json\/wp\/v2\/posts"}],"about":[{"href":"https:\/\/www.best-dentist-dentistry.com\/de\/wp-json\/wp\/v2\/types\/post"}],"author":[{"embeddable":true,"href":"https:\/\/www.best-dentist-dentistry.com\/de\/wp-json\/wp\/v2\/users\/1"}],"replies":[{"embeddable":true,"href":"https:\/\/www.best-dentist-dentistry.com\/de\/wp-json\/wp\/v2\/comments?post=36168"}],"version-history":[{"count":0,"href":"https:\/\/www.best-dentist-dentistry.com\/de\/wp-json\/wp\/v2\/posts\/36168\/revisions"}],"wp:attachment":[{"href":"https:\/\/www.best-dentist-dentistry.com\/de\/wp-json\/wp\/v2\/media?parent=36168"}],"wp:term":[{"taxonomy":"category","embeddable":true,"href":"https:\/\/www.best-dentist-dentistry.com\/de\/wp-json\/wp\/v2\/categories?post=36168"},{"taxonomy":"post_tag","embeddable":true,"href":"https:\/\/www.best-dentist-dentistry.com\/de\/wp-json\/wp\/v2\/tags?post=36168"}],"curies":[{"name":"wp","href":"https:\/\/api.w.org\/{rel}","templated":true}]}}