{"id":36207,"date":"2013-03-27T02:49:47","date_gmt":"2013-03-27T02:49:47","guid":{"rendered":null},"modified":"-0001-11-30T00:00:00","modified_gmt":"-0001-11-30T00:00:00","slug":"the-government-then-its-debt-with-pharmacists-but-does-not-set-a-timetable-for-payments-starting-in-june","status":"publish","type":"post","link":"https:\/\/www.best-dentist-dentistry.com\/de\/the-government-then-its-debt-with-pharmacists-but-does-not-set-a-timetable-for-payments-starting-in-june\/36207","title":{"rendered":"the government then its debt with pharmacists but does not set a timetable for payments starting in june"},"content":{"rendered":"<p class=\"first\"> PALMA DE Mallorca, 21 (EUROPA PRESS)<\/p>\n<p>Der Regierung der Balearen dann Schulden von fast 83 Millionen Euro die unterh\u00e4lt mit der pharmazeutischen Industrie auf den Inseln in diesem Sommer, aber hat nicht gegr\u00fcndet wie welche Zahlen monatliche Zahlungen an die Apotheken von Juni.<\/p>\n<p>Der Apotheker auf den Balearen genehmigt hat heute Nachmittag verschoben die vollst\u00e4ndige Sammlung der Medikamente f\u00fcr die Patienten, nach Erhalt der Ank\u00fcndigung der Exekutive zur Zahlung der Schulden in einem Kalender zu erzwingen, die zwischen Juni und Juli festgelegt wird.<\/p>\n<p>, Generaldirektor der Wirtschaftsf\u00fchrung und Pharmazie, Mart\u00ed Sansaloni, \u00e4u\u00dferte sich zu Europa Press &#8220;Dank der kollektiven Verantwortung, die gezeigt haben&#8221;, weil Sie mit ihrer Entscheidung gel\u00e4hmt &#8220;dr\u00e4ngt Messungen kurzfristig die schien sofort getroffen werden&#8221;.<\/p>\n<p>Jetzt, Apotheker und die Regierung verstanden haben, aber die erste entschlossen haben, einen Versto\u00df gegen den vereinbarten Zahlungsplan die R\u00fcckzahlungsf\u00e4higkeit &#8220;werden weitergegeben an die Abteilung der Gesundheit in zehn Tagen wird nicht mehr finanzieren die Medikamente und m\u00fcssen sammeln 100 % des Preises, da Apotheker nicht weitere Zahlungen, und Sie bew\u00e4ltigen k\u00f6nnten konnte erzeugen einen Mangel an Medikamenten in den Apotheken von der&#8221; Gemeinschaft&#8221;. <\/p>\n","protected":false},"excerpt":{"rendered":"<p>PALMA DE Mallorca, 21 (EUROPA PRESS) Der Regierung der Balearen dann Schulden von fast 83 Millionen Euro die unterh\u00e4lt mit der pharmazeutischen Industrie auf den Inseln in diesem Sommer, aber hat nicht gegr\u00fcndet wie welche Zahlen monatliche Zahlungen an die Apotheken von Juni. Der Apotheker auf den Balearen genehmigt hat heute Nachmittag verschoben die vollst\u00e4ndige [&hellip;]<\/p>\n","protected":false},"author":1,"featured_media":0,"comment_status":"close","ping_status":"open","sticky":false,"template":"","format":"standard","meta":{"footnotes":""},"categories":[3],"tags":[46218],"class_list":["post-36207","post","type-post","status-publish","format-standard","hentry","category-allgemeine","tag-vervierfacht","et-doesnt-have-format-content","et_post_format-et-post-format-standard"],"_links":{"self":[{"href":"https:\/\/www.best-dentist-dentistry.com\/de\/wp-json\/wp\/v2\/posts\/36207","targetHints":{"allow":["GET"]}}],"collection":[{"href":"https:\/\/www.best-dentist-dentistry.com\/de\/wp-json\/wp\/v2\/posts"}],"about":[{"href":"https:\/\/www.best-dentist-dentistry.com\/de\/wp-json\/wp\/v2\/types\/post"}],"author":[{"embeddable":true,"href":"https:\/\/www.best-dentist-dentistry.com\/de\/wp-json\/wp\/v2\/users\/1"}],"replies":[{"embeddable":true,"href":"https:\/\/www.best-dentist-dentistry.com\/de\/wp-json\/wp\/v2\/comments?post=36207"}],"version-history":[{"count":0,"href":"https:\/\/www.best-dentist-dentistry.com\/de\/wp-json\/wp\/v2\/posts\/36207\/revisions"}],"wp:attachment":[{"href":"https:\/\/www.best-dentist-dentistry.com\/de\/wp-json\/wp\/v2\/media?parent=36207"}],"wp:term":[{"taxonomy":"category","embeddable":true,"href":"https:\/\/www.best-dentist-dentistry.com\/de\/wp-json\/wp\/v2\/categories?post=36207"},{"taxonomy":"post_tag","embeddable":true,"href":"https:\/\/www.best-dentist-dentistry.com\/de\/wp-json\/wp\/v2\/tags?post=36207"}],"curies":[{"name":"wp","href":"https:\/\/api.w.org\/{rel}","templated":true}]}}