{"id":36230,"date":"2013-03-28T05:30:40","date_gmt":"2013-03-28T05:30:40","guid":{"rendered":null},"modified":"-0001-11-30T00:00:00","modified_gmt":"-0001-11-30T00:00:00","slug":"new-look-at-designs-in-residences","status":"publish","type":"post","link":"https:\/\/www.best-dentist-dentistry.com\/de\/new-look-at-designs-in-residences\/36230","title":{"rendered":"Neuer look bei Designs in Residenzen."},"content":{"rendered":"<p><strong>Neuer look bei Designs in Residenzen. <br \/><\/strong> <br \/><font size=\"2\"> <strong>Madrid, M\u00e4rz 2013 &#8211;<\/strong> am Abend des letzten Dienstag, M\u00e4rz 19, nahm platzieren die Pr\u00e4sentation des Buches &#8220;Innovationen im Wohnheim f\u00fcr \u00e4ltere Menschen. Architektonische Gestaltung und Modell der Versorgung &#8220;in der Superior-Schule der Architektur in Madrid. Das Publikum war gro\u00df, neben gemeinsamen Gesichter des Sektors des Referats, auch von Architekten und Studenten, die folgten betraf die Pr\u00e4sentation <\/p>\n<p> Professor f\u00fcr Architektur und Direktor des Meisters der kollektiven Geh\u00e4use, Jos\u00e9 M\u00aa de T\u00fcr, hielt eine kurze Rede Aufmerksamkeit auf die Notwendigkeit, dass die Architekten kennen d. integrieren, das Designnicht Bed\u00fcrfnisse der \u00e4lteren Menschen und Personen mit Behinderungen ist nicht nur bequem, sondern absolut notwendig. <\/p>\n<p>Die gleiche Idee kam St\u00e4rkung von Heitor Garc\u00eda Lantar\u00f3n, Architekt, der seine Doktorarbeit auf spezielle Geh\u00e4use f\u00fcr \u00e4ltere Menschen, die erleichtert ein paar Fakten \u00fcber das Ph\u00e4nomen macht der alternden um zu verdeutlichen, dass in einer Gesellschaft wie Alterung, wie die Spanier nicht ist unsere Architektur geeignet folgen falsch vor, wenn auf der Suche nach Empf\u00e4ngern der zuk\u00fcnftigen H\u00e4user platziert. Ein Szenario, das wir mit 37 % des Alterns stattfinden wird, ist es klar, dass die Nachfrage nach Unterk\u00fcnften zu erf\u00fcllen, f\u00fcr \u00e4ltere Menschen ansprechend Architekten-Blick auf diesem Markt mit neuen Look ist und Pose was Entw\u00fcrfe werden die besten konfigurieren Sie komfortabel und angenehme-Umgebungen ist, basierend auf den Einstellungen der Menschen, die wollen weiter steuern seines Lebens bis zum Ende. <\/p>\n<p>Die Darstellung des Inhalts des Buches wurde bereitgestellt von Pilar Rodr\u00edguez, Pr\u00e4sident der Stiftung S\u00e4ulen der pers\u00f6nlichen Autonomie, die der Koordinator und Herausgeber der Publikation. Rodriguez hat eine Tour durch das Panorama International pr\u00e4sentiert w\u00e4hrend der beiden Teile, in die das Buch gegliedert ist. <\/p>\n<p>In der ersten bieten Architekten, Experten in Gerontologie und Behinderung in Europa und den Vereinigten Staaten dem Leser die neuesten Trends und Innovationen auf der beabsichtigten architektonischen Gestaltung f\u00fcr Menschen, die st\u00e4ndige Aufmerksamkeit und Unterst\u00fctzung ben\u00f6tigen. Und bieten Beispiele zum Kombinieren von Sicherheit und Autonomie des Volkes; Wie konfiguriere Umgebungen f\u00fcr den Alltag, die damals Szenarien, in denen professionelle Aufmerksamkeit sind. Trends weisen in Richtung, was man auf dem Begriff Geh\u00e4use konzentrieren k\u00f6nnte: erreichen Designs, die Menschen f\u00fchlen sich  zu Hause &#8221; und  Gef\u00fchl von zu Hause &#8221; und damals sicher und nach ihren Bedarf an Unterst\u00fctzung umsorgt f\u00fchlen&#8230; <\/p>\n<p>Der zweite Teil behandelt verschiedene Erfahrungen in der Arbeit entwickelt sich in Spanien Kriterien zu \u00fcbernehmen, wie dargelegt, die zu einem Modell der Pflege als inh\u00e4rente konfiguriert sind, die gesehen wird, als Integral und zur gleichen Zeit, das bringt Sie auf die Center-Menschen, daher unter Ber\u00fccksichtigung ihrer W\u00fcnsche, die Erhaltung der ihre Rechte und die w\u00fcrde des Lebens bis zum Ende. Beschrieben daher Initiativen gef\u00f6rdert durch die Verwaltung selbst (Baskenland und Castilla y Le\u00f3n), (San Camilo, Wohn Caser) service-Provider und \u00e4lteren Personen eigenen (kooperative Wunder, Malaga) oder von Menschen mit Behinderungen (Zentrum f\u00fcr Menschen mit Querschnittsl\u00e4hmung). <\/p>\n<p>Das Buch schlie\u00dft mit einem Anhang von SIIS, die untersucht die Frage der Kosten durch eine umfangreiche Literaturrecherche auf Kosteneffizienz, Gr\u00f6\u00dfenvorteile und Gr\u00f6\u00dfe der Zentren, der gekommen ist, die herrschende Doktrin in Frage, dass Kostensenkung auftritt, w\u00e4chst die Gr\u00f6\u00dfe der Zentren. <\/p>\n<p>Die Akte geschlossen es Juan Sitges, Direktor von der Fundaci\u00f3n Caser f\u00fcr Abh\u00e4ngigkeit, das schien erfreut von der Ausgabe dieser Publikation gemeinsam zwischen der Stiftung, der leitet und S\u00e4ulen f\u00fcr Selbstbestimmung durchgef\u00fchrt, wodurch Stimmen, so dass ihre Verbreitung auf ein st\u00e4rkeres Bewusstsein f\u00fcr die Bedeutung der architektonischen Gestaltung in die Verbesserung der Lebensqualit\u00e4t beitr\u00e4gt die Menschen, die Unterst\u00fctzung durch ihre Situation der Abh\u00e4ngigkeit ben\u00f6tigen. <\/p>\n<p>Ebenso berichtete, dass alle Beteiligten die Ver\u00f6ffentlichung &#8211; Runterladen kostenlos &#8211; PDF im Web. <\/p>\n<p><\/font><\/p>\n","protected":false},"excerpt":{"rendered":"<p>Neuer look bei Designs in Residenzen. Madrid, M\u00e4rz 2013 &#8211; am Abend des letzten Dienstag, M\u00e4rz 19, nahm platzieren die Pr\u00e4sentation des Buches &#8220;Innovationen im Wohnheim f\u00fcr \u00e4ltere Menschen. Architektonische Gestaltung und Modell der Versorgung &#8220;in der Superior-Schule der Architektur in Madrid. Das Publikum war gro\u00df, neben gemeinsamen Gesichter des Sektors des Referats, auch von [&hellip;]<\/p>\n","protected":false},"author":1,"featured_media":0,"comment_status":"close","ping_status":"open","sticky":false,"template":"","format":"standard","meta":{"footnotes":""},"categories":[3],"tags":[46251,46249,46250],"class_list":["post-36230","post","type-post","status-publish","format-standard","hentry","category-allgemeine","tag-designs","tag-knigreich","tag-look","et-doesnt-have-format-content","et_post_format-et-post-format-standard"],"_links":{"self":[{"href":"https:\/\/www.best-dentist-dentistry.com\/de\/wp-json\/wp\/v2\/posts\/36230","targetHints":{"allow":["GET"]}}],"collection":[{"href":"https:\/\/www.best-dentist-dentistry.com\/de\/wp-json\/wp\/v2\/posts"}],"about":[{"href":"https:\/\/www.best-dentist-dentistry.com\/de\/wp-json\/wp\/v2\/types\/post"}],"author":[{"embeddable":true,"href":"https:\/\/www.best-dentist-dentistry.com\/de\/wp-json\/wp\/v2\/users\/1"}],"replies":[{"embeddable":true,"href":"https:\/\/www.best-dentist-dentistry.com\/de\/wp-json\/wp\/v2\/comments?post=36230"}],"version-history":[{"count":0,"href":"https:\/\/www.best-dentist-dentistry.com\/de\/wp-json\/wp\/v2\/posts\/36230\/revisions"}],"wp:attachment":[{"href":"https:\/\/www.best-dentist-dentistry.com\/de\/wp-json\/wp\/v2\/media?parent=36230"}],"wp:term":[{"taxonomy":"category","embeddable":true,"href":"https:\/\/www.best-dentist-dentistry.com\/de\/wp-json\/wp\/v2\/categories?post=36230"},{"taxonomy":"post_tag","embeddable":true,"href":"https:\/\/www.best-dentist-dentistry.com\/de\/wp-json\/wp\/v2\/tags?post=36230"}],"curies":[{"name":"wp","href":"https:\/\/api.w.org\/{rel}","templated":true}]}}