{"id":36253,"date":"2013-03-30T02:20:48","date_gmt":"2013-03-30T02:20:48","guid":{"rendered":null},"modified":"-0001-11-30T00:00:00","modified_gmt":"-0001-11-30T00:00:00","slug":"the-center-for-diagnosis-and-early-intervention-receives-350000-euros-to-cater-for-children-under-3-years","status":"publish","type":"post","link":"https:\/\/www.best-dentist-dentistry.com\/de\/the-center-for-diagnosis-and-early-intervention-receives-350000-euros-to-cater-for-children-under-3-years\/36253","title":{"rendered":"Das Zentrum f\u00fcr Diagnostik und Fr\u00fchf\u00f6rderung erh\u00e4lt 350.000 Euro f\u00fcr Kinder unter 3 Jahren gerecht"},"content":{"rendered":"<p class=\"first\"> <span class=\"yshortcuts\" id=\"lw_1331645791_0\"> VALENCIA<\/span>, 13 (<span class=\"yshortcuts\" id=\"lw_1331645791_1\"> EUROPA PRESS<\/span>)<\/p>\n<p>Der Minister f\u00fcr Justiz und <span class=\"yshortcuts\" id=\"lw_1331645791_2\"> Soziales<\/span>, <span class=\"yshortcuts\" id=\"lw_1331645791_3\"> Jorge Cabr\u00e9<\/span>, Dienstag mit dem Rektor der <span class=\"yshortcuts\" id=\"lw_1331645791_4\"> Universitat de Val\u00e8ncia<\/span>, <span class=\"yshortcuts\" id=\"lw_1331645791_5\"> Esteban<\/span> <span class=\"yshortcuts\" id=\"lw_1331645791_6\"> Morcillo<\/span>, <span class=\"yshortcuts\" id=\"lw_1331645791_7\"> das \u00dcbereinkommen<\/span> Wartungszentrum <span class=\"yshortcuts\" id=\"lw_1331645791_8\"> Universitari<\/span> de Diagnose unterzeichnet i Aten Primerenca-CUDAT, wobei die Generalitat Valenciana 349,991 Euro in diesem Jahr bestimmt dieses Zentrum verantwortlich f\u00fcr Gesundheitswesen und pr\u00e4ventive Behandlung von Kindern unter 3 Jahren mit den Problemen der Entwicklung oder das Risiko des Leidens zur\u00fcck.<\/p>\n<p>Dieser Center, die im Jahr 2006 als Ergebnis der Zusammenarbeit zwischen dem Department of Justice und Sozialhilfe und der Universitat de Valencia gegr\u00fcndet wurde, dient derzeit mehr als 100 Kinder. Ausgerechnet die Generalit\u00c3 \u00a4 t hat 70 konzertierte.<\/p>\n<p>Der Direktor des Zentrums, Francisco Alcantud, erkl\u00e4rte, dass dieses Zentrum die Kinder mit allen m\u00f6glichen Krankheiten behandelt. Die erste Gruppe mit Kindern mit Erkrankungen der gute Evolution, da Kinder mit geringes Gewicht bei der Geburt, w\u00e4hrend die zweite Gruppe am h\u00e4ufigsten vorkommenden 91.500 Kinder mit Autismus, und sie sind bis zu 4 Jahre, wenn sie zur Bildung abgeleitet werden. <\/p>\n<p>Center dient, auf eine ambulante, die Bed\u00fcrfnisse von Kindern, die St\u00f6rungen in ihrer Entwicklung oder sind von Leiden sie eine ganzheitliche Sicht, w\u00e4hrend Bio-Psycho-sozialen Aspekte zur Verbesserung ihrer F\u00e4higkeit Entwicklung und Wohlbefinden, erm\u00f6glicht deren Integration in Familie, Schule und Soziales Umfeld, sowie ihre pers\u00f6nliche Autonomie bedroht.<\/p>\n<p>In diesem Zusammenhang erkl\u00e4rt, dass bei einer Familie mitteilen, dass das Kind die Krankheit hat, sogar &#8220;einen erheblichen emotionalen Schock&#8221; leidet &#8220;oft Destrukturierung Koexistenz&#8221;. Aus diesem Grund umfasst moderne Behandlung im Fr\u00fchstadium auch famili\u00e4re Betreuung.   <\/p>\n<p>Die CUDAP Aktivit\u00e4ten sind f\u00fcnf Kern-Programme, die physikalische Therapie, Logop\u00e4die, kognitive Entwicklung, Unterst\u00fctzung und Familienberatung und Sensibilisierung f\u00fcr die Umwelt des Kindes enthalten orchestriert. Es hat auch verschiedene R\u00e4ume f\u00fcr Eingriffe mit dem Kind und seiner Familie (Beratung, Psychologen, Logop\u00e4den, etc.), Physiotherapie, Mehrzweckraum f\u00fcr die Entwicklung des Individuums und Gruppenaktivit\u00e4ten, und Anregung neurokognitiven und sensorische Integration-Zimmer. <\/p>\n<p>F\u00fcr seinen Teil, wiederholte der Minister Jorge Cabr\u00e9 &#8220;die Bedeutung der Fr\u00fcherkennung von einigen \u00c4nderungen in der Entwicklung von Kindern, die eine deutliche Verbesserung ihrer Lebensqualit\u00e4t ist&#8221;, und hat daf\u00fcr gesorgt, dass &#8220;durch Behandlung im Fr\u00fchstadium ist Zentren gab ihnen eine geeignete Reifung in allen Bereichen&#8221;.<\/p>\n<p>1.800 Pl\u00e4tzen in der Gemeinschaft<\/p>\n<p>Derzeit Valencia hat 31 fr\u00fche Zentren f\u00fcr Pflege oder vorbeugenden Behandlung von Kindern mit Problemen der Entwicklung oder Risiko f\u00fcr sie, die insgesamt 1.800 Sitzpl\u00e4tzen f\u00fcr Kinder angeboten im Alter von 0 bis 3, so dass Sie t\u00e4glich mehr als 4.000 Kinder betreuen.<\/p>\n<p>Diese Zentren h\u00e4ngen von Entit\u00e4ten ohne Geist Gewinn als die Asindown-Stiftung und der Valencia-Verein Hilfe f\u00fcr das Cerebral Palsy (AVAPACE) oder Gemeinden wie Xativa und Orihuela, unter anderen. Im Jahr 2012, das Justizministerium und Sozialhilfe sieht 6,1 Millionen Euro in Form von Zusch\u00fcssen zu diesen Zentren.<\/p>\n<p>&#8220;Trotz der Wirtschaftskrise hat die Regierung Budget f\u00fcr die schw\u00e4chsten Elemente nicht abgenommen und in einigen F\u00e4llen ist es, wie z.B. f\u00fcr Behinderte welche Erh\u00f6hungen von 6,4 Milliarden Euro mehr als in 2011&#8221;, f\u00fcr diese \u00dcbung hervorgehoben Menschen gestiegen.<\/p>\n<p>F\u00fcr seinen Teil, der Rektor der Universit\u00e4t, Esteban Morcillo, hervorgehoben durch die Lehre und Forschung der CUDAT Arbeit und hat auch hervorgehoben, dass in modernen Gesellschaften m\u00fcssen &#8220;Sensibilit\u00e4t gegen\u00fcber den meisten benachteiligte zeigen&#8221; und &#8220;alles, damit sie in die Gesellschaft zu integrieren tun&#8221;.<\/p>\n","protected":false},"excerpt":{"rendered":"<p>VALENCIA, 13 ( EUROPA PRESS) Der Minister f\u00fcr Justiz und Soziales, Jorge Cabr\u00e9, Dienstag mit dem Rektor der Universitat de Val\u00e8ncia, Esteban Morcillo, das \u00dcbereinkommen Wartungszentrum Universitari de Diagnose unterzeichnet i Aten Primerenca-CUDAT, wobei die Generalitat Valenciana 349,991 Euro in diesem Jahr bestimmt dieses Zentrum verantwortlich f\u00fcr Gesundheitswesen und pr\u00e4ventive Behandlung von Kindern unter 3 [&hellip;]<\/p>\n","protected":false},"author":1,"featured_media":0,"comment_status":"close","ping_status":"open","sticky":false,"template":"","format":"standard","meta":{"footnotes":""},"categories":[3],"tags":[46288],"class_list":["post-36253","post","type-post","status-publish","format-standard","hentry","category-allgemeine","tag-arbeitsreform","et-doesnt-have-format-content","et_post_format-et-post-format-standard"],"_links":{"self":[{"href":"https:\/\/www.best-dentist-dentistry.com\/de\/wp-json\/wp\/v2\/posts\/36253","targetHints":{"allow":["GET"]}}],"collection":[{"href":"https:\/\/www.best-dentist-dentistry.com\/de\/wp-json\/wp\/v2\/posts"}],"about":[{"href":"https:\/\/www.best-dentist-dentistry.com\/de\/wp-json\/wp\/v2\/types\/post"}],"author":[{"embeddable":true,"href":"https:\/\/www.best-dentist-dentistry.com\/de\/wp-json\/wp\/v2\/users\/1"}],"replies":[{"embeddable":true,"href":"https:\/\/www.best-dentist-dentistry.com\/de\/wp-json\/wp\/v2\/comments?post=36253"}],"version-history":[{"count":0,"href":"https:\/\/www.best-dentist-dentistry.com\/de\/wp-json\/wp\/v2\/posts\/36253\/revisions"}],"wp:attachment":[{"href":"https:\/\/www.best-dentist-dentistry.com\/de\/wp-json\/wp\/v2\/media?parent=36253"}],"wp:term":[{"taxonomy":"category","embeddable":true,"href":"https:\/\/www.best-dentist-dentistry.com\/de\/wp-json\/wp\/v2\/categories?post=36253"},{"taxonomy":"post_tag","embeddable":true,"href":"https:\/\/www.best-dentist-dentistry.com\/de\/wp-json\/wp\/v2\/tags?post=36253"}],"curies":[{"name":"wp","href":"https:\/\/api.w.org\/{rel}","templated":true}]}}