{"id":36283,"date":"2013-03-30T02:24:08","date_gmt":"2013-03-30T02:24:08","guid":{"rendered":null},"modified":"-0001-11-30T00:00:00","modified_gmt":"-0001-11-30T00:00:00","slug":"uruguayan-government-asserts-that-without-a-doubt-many-more-are-victims-of-nurses","status":"publish","type":"post","link":"https:\/\/www.best-dentist-dentistry.com\/de\/uruguayan-government-asserts-that-without-a-doubt-many-more-are-victims-of-nurses\/36283","title":{"rendered":"Uruguayische Regierung behauptet, dass &#8220;ohne Zweifel&#8221; vieles mehr Opfer von Krankenschwestern sind"},"content":{"rendered":"<p class=\"first\"> Montevideo, 20 M\u00e4rz (EFE).-der Minister f\u00fcr innere Uruguay, Eduardo Bonomi, sagte heute, dass die Opfer von zwei Krankenschwestern, die f\u00fcr die Ermordung von Patienten auf der Intensivstation von Montevideo Einheiten verfolgt &#8220;ohne Zweifel&#8221; sind viele mehr als die 16 waren, die zun\u00e4chst diskutiert.<\/p>\n<p>&#8220;Es ist keine einfache Untersuchung&#8221;, &#8220;die Arbeit, die dem Richter \u00fcberlassen ist wichtig&#8221; weil man annimmt, dass die Strafverfolgung von Krankenschwestern und Krankenpflegern &#8220;umfasst mehrere Jahre&#8221;, erkl\u00e4rt dieser Dienstag Bonomi, Sendestation Radio schnitzen radio.<\/p>\n<p>&#8220;Was entdeckt wurde mit der medizinischen Geschichte und den Tod von Menschen in relativ kurzer Zeit,&#8221; sagte der Minister vor, wonach er die M\u00f6glichkeit, die Verbrechen zu &#8220;mehr als sieben Jahre&#8221; vor steigen nicht ausschlie\u00dfen.<\/p>\n<p>Justizielle Quellen angegeben heute gesagt Efe, obwohl am Sonntag, w\u00e4hrend das Verh\u00f6r der Angeklagte f\u00fcnf gestand und elf jeweils Morde um ihnen Fotos zu zeigen, &#8220;in beiden F\u00e4llen Krankenschwestern Konto verloren zu haben anerkannt&#8221;.<\/p>\n<p>&#8220;Noch nicht wir eine genaue Anzahl oder Zeit haben&#8221;, die Quellen hinzugef\u00fcgt, die Zahl der Todesopfer gesch\u00e4tzt &#8220;mehrere Dutzend&#8221;.<\/p>\n<p>Nach Uruguay Pressemeldungen der Polizei-Ermittler, die angefangen haben, Berichten \u00fcber neue Verdachtsf\u00e4lle zu erhalten, spekulieren mit mehr als 200 F\u00e4lle, obwohl jetzt es nur Vermutungen ist.<\/p>\n<p>&#8220;Wir sprechen nicht \u00fcber die Menge der F\u00e4lle oder Fristen der Zeit, bis wir alle Informationen haben, weil dies eine Frage zu empfindlich, nicht genau, sein geworden ist&#8221; entschuldigte sich bei den Medien der Kommissar-Inspektor San Angel Rosas, Koordinator der Generaldirektion der organisierten Kriminalit\u00e4t und Interpol.<\/p>\n<p>Genau auf diese Versionen, die auf eine der Schwestern gestand den Mord an eines Patienten pro Woche zeigt, sagte Bonomi to Carve &#8220;Polizei-Kind eine Figur etwas sei&#8221; Obwohl er seine auch genaue sein.<\/p>\n<p>Der Minister erinnerte daran, dass &#8220;kl\u00e4ren ein Verbrechen seriell dieses Typs in einem Industrieland dauerte 13 oder 18 Jahre&#8221; und der uruguayische Fall fing an, im Januar zu untersuchen, wenn es einen anonymen Teil Gesundheit Personal Beschwerde produziert.<\/p>\n<p>Dank f\u00fcr die nachfolgenden Untersuchungen am vergangenen Freitag wurden verhaftet, die Krankenschwestern j. an. F\u00fcr 46 Jahre und M. P. G., 39 Jahre, Arbeiter von der spanischen Vereinigung, eine gegenseitige renommierten privaten Land und Hospital Maciel aus Staatsbesitz.<\/p>\n<p>Ein Bericht \u00fcber das Gesundheitsministerium in Hospital Maciel durchgef\u00fchrt und heute von der Zeitung El Pais reproduziert sagt dieser Einheit der kardiologischen (CCU), wo einige der Todesf\u00e4lle wurden aufgenommen es in einen pl\u00f6tzlichen Anstieg der Sterblichkeitsrate w\u00e4hrend 2011.<\/p>\n<p>Mortalit\u00e4tsrate lagen zwischen 3 % und 4 % des Durchschnitts in den letzten f\u00fcnf Jahren, aber im letzten Jahr stieg auf 12 %.<\/p>\n<p>Neben der Krankenschwestern, die im Gef\u00e4ngnis sind, wurde durch eine Krankenschwester kannte einer von ihnen, zu verbergen, obwohl das Justiz jetzt eine koordinierte Aktion ausgeschlossen verarbeitet.<\/p>\n<p>Jedoch Bonomi sprach Dienstag auf Radio schnitzen &#8220;gab es eine Art des Wettbewerbs&#8221; unter die Verbrecher, aber er sagte auch, dass &#8220;es viele Dinge, die nicht klar sind gibt&#8221; im Fall.<\/p>\n<p>Das Motiv f\u00fcr das Verbrechen, laut den Autoren war &#8220;Ruhe geben&#8221; die Opfer obwohl dies ist ein weiterer dunkler Fleck, gab den Minister, der im Prinzip m\u00f6gliche Verbindungen zwischen dem M\u00f6rder und die Mafia der Organhandel zu bek\u00e4mpfen, weil die Opfer waren alle &#8220;Senioren&#8221; ausgeschlossen.<\/p>\n<p>Der Gesundheitsminister, Jorge Venegas, muss Donnerstag vor dem Parlament, Erkl\u00e4rungen auf die vorhandenen Gesundheit Sektor Steuerelemente angezeigt werden und innerhalb von Stunden es wird erwartet, dass der Richter im Fall Rolando Vomero, Anklage gegen den Angeklagten, welche sicherlich neues Licht auf einen Prozess \u00fcbersandt werden, die verspricht verteilt, lang sein. EFE<\/p>\n","protected":false},"excerpt":{"rendered":"<p>Montevideo, 20 M\u00e4rz (EFE).-der Minister f\u00fcr innere Uruguay, Eduardo Bonomi, sagte heute, dass die Opfer von zwei Krankenschwestern, die f\u00fcr die Ermordung von Patienten auf der Intensivstation von Montevideo Einheiten verfolgt &#8220;ohne Zweifel&#8221; sind viele mehr als die 16 waren, die zun\u00e4chst diskutiert. &#8220;Es ist keine einfache Untersuchung&#8221;, &#8220;die Arbeit, die dem Richter \u00fcberlassen ist [&hellip;]<\/p>\n","protected":false},"author":1,"featured_media":0,"comment_status":"close","ping_status":"open","sticky":false,"template":"","format":"standard","meta":{"footnotes":""},"categories":[3],"tags":[46295,46294],"class_list":["post-36283","post","type-post","status-publish","format-standard","hentry","category-allgemeine","tag-vieles","tag-vii-training-konferenz","et-doesnt-have-format-content","et_post_format-et-post-format-standard"],"_links":{"self":[{"href":"https:\/\/www.best-dentist-dentistry.com\/de\/wp-json\/wp\/v2\/posts\/36283","targetHints":{"allow":["GET"]}}],"collection":[{"href":"https:\/\/www.best-dentist-dentistry.com\/de\/wp-json\/wp\/v2\/posts"}],"about":[{"href":"https:\/\/www.best-dentist-dentistry.com\/de\/wp-json\/wp\/v2\/types\/post"}],"author":[{"embeddable":true,"href":"https:\/\/www.best-dentist-dentistry.com\/de\/wp-json\/wp\/v2\/users\/1"}],"replies":[{"embeddable":true,"href":"https:\/\/www.best-dentist-dentistry.com\/de\/wp-json\/wp\/v2\/comments?post=36283"}],"version-history":[{"count":0,"href":"https:\/\/www.best-dentist-dentistry.com\/de\/wp-json\/wp\/v2\/posts\/36283\/revisions"}],"wp:attachment":[{"href":"https:\/\/www.best-dentist-dentistry.com\/de\/wp-json\/wp\/v2\/media?parent=36283"}],"wp:term":[{"taxonomy":"category","embeddable":true,"href":"https:\/\/www.best-dentist-dentistry.com\/de\/wp-json\/wp\/v2\/categories?post=36283"},{"taxonomy":"post_tag","embeddable":true,"href":"https:\/\/www.best-dentist-dentistry.com\/de\/wp-json\/wp\/v2\/tags?post=36283"}],"curies":[{"name":"wp","href":"https:\/\/api.w.org\/{rel}","templated":true}]}}