{"id":36288,"date":"2013-03-30T02:24:33","date_gmt":"2013-03-30T02:24:33","guid":{"rendered":null},"modified":"-0001-11-30T00:00:00","modified_gmt":"-0001-11-30T00:00:00","slug":"parents-applying-for-leptin-as-a-compassionate-use-for-her-daughter-obtained-permits-and-in-a-week-could-treat","status":"publish","type":"post","link":"https:\/\/www.best-dentist-dentistry.com\/de\/parents-applying-for-leptin-as-a-compassionate-use-for-her-daughter-obtained-permits-and-in-a-week-could-treat\/36288","title":{"rendered":"Eltern beantragen Leptin erlaubt ein compassionate Use f\u00fcr ihre Tochter erworben und in einer Woche k\u00f6nnte behandeln"},"content":{"rendered":"<p class=\"first\"> Sevilla, 21 (EUROPA PRESS)<\/p>\n<p>Eltern von Luc\u00eda, Sevilla-Baby, leidet an einer seltenen Krankheit namens angeborene Lipodystrophie, generalisierte, habe bereits alle Berechtigungen, die SAS, beide im Ministerium f\u00fcr Gesundheit und der Arzt der das Hospital Cl\u00ednico Universitario de Santiago de Compostela, die diesen F\u00e4llen akzeptiert, so dass seine Tochter in dieses galizische Krankenhaus als ein compassionate-Use Droge Leptin behandelt werden kann.<\/p>\n<p>Gespr\u00e4ch mit Europa Press, Yolanda Morales sagte am Mittwoch, dass die Zulassung von der andalusischen Health Service &#8220;von Burofax Freitag M\u00e4rz 2, nur einen Tag nachdem wir Interpusi\u00e9ramos die Klage vor dem Gerichtshof Untersuchung Nr. 5 Sevilla durch Vernachl\u00e4ssigung im Gesundheitswesen kamen&#8221;.<\/p>\n<p>Morales, die best\u00e4tigt, dass diese Beschwerde &#8220;baut&#8221; zus\u00e4tzlich Behandlung f\u00fcr Ihr Baby beauftragt, wie, dass ein Kind von Malaga, die unter \u00e4hnlichen Umst\u00e4nden und hat auch bereits die Berechtigungen daf\u00fcr auch mit Leptin als compassionate-Use behandelt ist, &#8220;kann ab der kommenden Woche beginnen&#8221;, neue Dosen der Medikamente aus den USA kommen Was ist, wenn sie aus Galicien gesagt haben&#8221;.<\/p>\n<p>Quellen im Ministerium f\u00fcr Gesundheit, die von Europa Press konsultiert haben auch best\u00e4tigt, dass SAS &#8220;letzten M\u00e4rz 2, das M\u00e4dchen von Sevilla und am 9. M\u00e4rz das Kind aus Malaga, autorisiert&#8221;, sodass sie Behandlung au\u00dferhalb Andalusien empfangen konnte, in diesen F\u00e4llen in der erw\u00e4hnten Krankenhaus Galiciens.<\/p>\n<p>Auf jeden Fall diese Quellen der Gesundheit haben jetzt gesagt, dass sobald die Erlaubnis gegeben, werden behandelt in einer anderen Community, &#8220;entspricht der Xunta de Galicia und das Ministerium f\u00fcr Gesundheit, die diese Erlaubnis&#8221;, Extreme, immer nach dieser Mutter hat ich w\u00fcrde erreicht haben, &#8220;da wir n\u00e4chste Woche neue US-Dosen erwarten&#8221;.<\/p>\n<p>Diese Mutter schon sagte damals &#8220;habe kein Problem durch das Galicische Krankenhaus noch den Arzt des Zentrums, Dr. David Araujo, so dass unsere Tochter der compassionate-Use des Medikaments,, die zur\u00fcckgerufen zugreifen konnte,&#8221;Wenn Sie diesen Antrag aufgefordert, die ersten Tage der Behandlung es in Santiago De Compostela, w\u00e4re da das M\u00e4dchen dort ins Krankenhaus eingeliefert werden sollte dieser Arzt zu sein ist die einzige Person, die wei\u00df, wie Leptin funktioniert&#8221;Ihre Dosis und andere; aber nachdem was hat vorgeschlagen, das Galicische Krankenhaus die monatliche \u00dcberwachung der unsere M\u00e4dchen im Krankenhaus Virgen del Roc\u00edo soll &rsquo;.<\/p>\n<p>Auf diese letzte Frage Yolanda Morales hat gezeigt, diese gleichen Mittwoch &#8220;Zweifel&#8221; die Beh\u00f6rden beider Gemeinschaften, eine Einigung zu erzielen, so dass nachfolgende Follow-ups in Sevilla machen k\u00f6nnen, also &#8220;Wenn wir gehen immer nach Galizien, wir werden es tun&#8221;, wurden besiedelt.<\/p>\n<p>Wie diese Mutter ihre kleine Tochter, diese Behandlung mit Leptin zu Europa Press erkl\u00e4rt &#8220;Sie w\u00fcrde die physische Degeneration so gro\u00df, das Fortschreiten der Krankheit, welche Ursachen bewirkt, dass ihre H\u00e4nde, F\u00fc\u00dfe und Kiefer oben empfohlenen entwickeln und auch viele Flecken auf Hals und Achseln haben aufh\u00f6ren. Das ist ihm mit Behandlung Steuern&#8221;. <\/p>\n","protected":false},"excerpt":{"rendered":"<p>Sevilla, 21 (EUROPA PRESS) Eltern von Luc\u00eda, Sevilla-Baby, leidet an einer seltenen Krankheit namens angeborene Lipodystrophie, generalisierte, habe bereits alle Berechtigungen, die SAS, beide im Ministerium f\u00fcr Gesundheit und der Arzt der das Hospital Cl\u00ednico Universitario de Santiago de Compostela, die diesen F\u00e4llen akzeptiert, so dass seine Tochter in dieses galizische Krankenhaus als ein compassionate-Use [&hellip;]<\/p>\n","protected":false},"author":1,"featured_media":0,"comment_status":"close","ping_status":"open","sticky":false,"template":"","format":"standard","meta":{"footnotes":""},"categories":[3],"tags":[46295],"class_list":["post-36288","post","type-post","status-publish","format-standard","hentry","category-allgemeine","tag-vieles","et-doesnt-have-format-content","et_post_format-et-post-format-standard"],"_links":{"self":[{"href":"https:\/\/www.best-dentist-dentistry.com\/de\/wp-json\/wp\/v2\/posts\/36288","targetHints":{"allow":["GET"]}}],"collection":[{"href":"https:\/\/www.best-dentist-dentistry.com\/de\/wp-json\/wp\/v2\/posts"}],"about":[{"href":"https:\/\/www.best-dentist-dentistry.com\/de\/wp-json\/wp\/v2\/types\/post"}],"author":[{"embeddable":true,"href":"https:\/\/www.best-dentist-dentistry.com\/de\/wp-json\/wp\/v2\/users\/1"}],"replies":[{"embeddable":true,"href":"https:\/\/www.best-dentist-dentistry.com\/de\/wp-json\/wp\/v2\/comments?post=36288"}],"version-history":[{"count":0,"href":"https:\/\/www.best-dentist-dentistry.com\/de\/wp-json\/wp\/v2\/posts\/36288\/revisions"}],"wp:attachment":[{"href":"https:\/\/www.best-dentist-dentistry.com\/de\/wp-json\/wp\/v2\/media?parent=36288"}],"wp:term":[{"taxonomy":"category","embeddable":true,"href":"https:\/\/www.best-dentist-dentistry.com\/de\/wp-json\/wp\/v2\/categories?post=36288"},{"taxonomy":"post_tag","embeddable":true,"href":"https:\/\/www.best-dentist-dentistry.com\/de\/wp-json\/wp\/v2\/tags?post=36288"}],"curies":[{"name":"wp","href":"https:\/\/api.w.org\/{rel}","templated":true}]}}