{"id":36305,"date":"2013-03-30T02:26:01","date_gmt":"2013-03-30T02:26:01","guid":{"rendered":null},"modified":"-0001-11-30T00:00:00","modified_gmt":"-0001-11-30T00:00:00","slug":"community-pharmacists-charged-the-90-million-november-bill","status":"publish","type":"post","link":"https:\/\/www.best-dentist-dentistry.com\/de\/community-pharmacists-charged-the-90-million-november-bill\/36305","title":{"rendered":"Gemeinschaft Apotheker berechnet die 90 Millionen November Rechnung"},"content":{"rendered":"<p class=\"first\"> VALENCIA, 23 (EUROPA PRESS)<\/p>\n<p>Apotheker von Valencia erhoben haben diesen Freitag EUR 90 Millionen sie schuldeten das Gesundheitsministerium f\u00fcr die Rechnung f\u00fcr den Monat November, wie sie auf Reuters-Quellen des ber\u00fchmten College of Apotheker von Valencia (Micof) best\u00e4tigt haben.<\/p>\n<p>Der Pr\u00e4sident des Kollegiums der Apotheker von Valencia, Mar\u00eda Teresa Guardiola, im Gespr\u00e4ch mit Europa Press, berichtet dieser Zahlungsverzug gem\u00e4\u00df der vereinbarten Termine einzuhalten Einkommen.<\/p>\n<p>Hatte allerdings die Gesundheitsministerin, Luis Rosado, sagte am Donnerstag, dass diese Zahlung &#8220;verz\u00f6gert durch interne Probleme&#8221; der Banken, f\u00fcr eine Sache &#8220;komplett zu seiner Abteilung nichts&#8221;. In der Tat, sagte, dass das Gesundheitsministerium ausgestellt &#8220;vor einer Woche die Zahlungsanweisung&#8221; entspricht dieser Betrag und sagte, dass diese Abteilung &#8220;on Time&#8221; abgeschlossen wurde. <\/p>\n","protected":false},"excerpt":{"rendered":"<p>VALENCIA, 23 (EUROPA PRESS) Apotheker von Valencia erhoben haben diesen Freitag EUR 90 Millionen sie schuldeten das Gesundheitsministerium f\u00fcr die Rechnung f\u00fcr den Monat November, wie sie auf Reuters-Quellen des ber\u00fchmten College of Apotheker von Valencia (Micof) best\u00e4tigt haben. Der Pr\u00e4sident des Kollegiums der Apotheker von Valencia, Mar\u00eda Teresa Guardiola, im Gespr\u00e4ch mit Europa Press, [&hellip;]<\/p>\n","protected":false},"author":1,"featured_media":0,"comment_status":"close","ping_status":"open","sticky":false,"template":"","format":"standard","meta":{"footnotes":""},"categories":[3],"tags":[46296],"class_list":["post-36305","post","type-post","status-publish","format-standard","hentry","category-allgemeine","tag-uruguayisch-justiz","et-doesnt-have-format-content","et_post_format-et-post-format-standard"],"_links":{"self":[{"href":"https:\/\/www.best-dentist-dentistry.com\/de\/wp-json\/wp\/v2\/posts\/36305","targetHints":{"allow":["GET"]}}],"collection":[{"href":"https:\/\/www.best-dentist-dentistry.com\/de\/wp-json\/wp\/v2\/posts"}],"about":[{"href":"https:\/\/www.best-dentist-dentistry.com\/de\/wp-json\/wp\/v2\/types\/post"}],"author":[{"embeddable":true,"href":"https:\/\/www.best-dentist-dentistry.com\/de\/wp-json\/wp\/v2\/users\/1"}],"replies":[{"embeddable":true,"href":"https:\/\/www.best-dentist-dentistry.com\/de\/wp-json\/wp\/v2\/comments?post=36305"}],"version-history":[{"count":0,"href":"https:\/\/www.best-dentist-dentistry.com\/de\/wp-json\/wp\/v2\/posts\/36305\/revisions"}],"wp:attachment":[{"href":"https:\/\/www.best-dentist-dentistry.com\/de\/wp-json\/wp\/v2\/media?parent=36305"}],"wp:term":[{"taxonomy":"category","embeddable":true,"href":"https:\/\/www.best-dentist-dentistry.com\/de\/wp-json\/wp\/v2\/categories?post=36305"},{"taxonomy":"post_tag","embeddable":true,"href":"https:\/\/www.best-dentist-dentistry.com\/de\/wp-json\/wp\/v2\/tags?post=36305"}],"curies":[{"name":"wp","href":"https:\/\/api.w.org\/{rel}","templated":true}]}}