{"id":36308,"date":"2013-03-30T02:26:15","date_gmt":"2013-03-30T02:26:15","guid":{"rendered":null},"modified":"-0001-11-30T00:00:00","modified_gmt":"-0001-11-30T00:00:00","slug":"pope-begins-trip-to-latin-am-steps-aided-by","status":"publish","type":"post","link":"https:\/\/www.best-dentist-dentistry.com\/de\/pope-begins-trip-to-latin-am-steps-aided-by\/36308","title":{"rendered":"Papst beginnt Reise nach Latin am., Schritte gef\u00f6rderter"},"content":{"rendered":"<p class=\"first\"> Rom (Reuters) &#8211; Papst <span class=\"yshortcuts\" id=\"lw_1332503949_0\"> Benedikt XVI.<\/span> am Freitag \u00f6ffentlich gef\u00f6rderter einen <span class=\"yshortcuts\" id=\"lw_1332503949_1\"> Stock<\/span> zum ersten Mal zu Beginn seiner <span class=\"yshortcuts\" id=\"lw_1332503949_2\"> Reise<\/span> nach <span class=\"yshortcuts\" id=\"lw_1332503949_3\"> Lateinamerika<\/span>, in ein Zeichen f\u00fcr seine zunehmende k\u00f6rperliche <span class=\"yshortcuts\" id=\"lw_1332503949_4\"> Schw\u00e4che<\/span> verst\u00e4rkt.<\/p>\n<p>Der <span class=\"yshortcuts\" id=\"lw_1332503949_5\"> Pontifex<\/span>, der 85 n\u00e4chsten <span class=\"yshortcuts\" id=\"lw_1332503949_6\"> Monat<\/span> ging ein Flugzeug am <span class=\"yshortcuts\" id=\"lw_1332503949_7\"> Flughafen<\/span> <span class=\"yshortcuts\" id=\"lw_1332503949_8\"> Fiumicino<\/span> in Rom mit einem Stock aus, sagte der Vatikan Reporter begleitete ihn auf seiner Reise nach Mexiko und Kuba.<\/p>\n<p>Der Papst im vergangenen Jahr begann mit eine mobile Plattform um zu vermeiden, zu viel zu Fu\u00df auf dem Altar der Basilika St. Peter.<\/p>\n<p>Der Vatikan sagte, dass der katholische F\u00fchrer die Plattform nutzte um \u00dcberm\u00fcdung zu vermeiden und gab es keine gro\u00dfen hinsichtlich Ihrer Gesundheit im allgemeinen Bedenken.<\/p>\n<p>Benedicto XVI will 24 Stunden nach seiner Ankunft nach Mexiko, um von den Jetlag erholen, im Gegensatz zu den Terminkalender seines Vorg\u00e4ngers Juan Pablo II bis seine Gesundheit verschlechtert, in den letzten Jahren seines Lebens ruhen.<\/p>\n<p>Der deutschen Papst war 78 Jahre alt, als er wurde gew\u00e4hlt, um das Maximum der katholischen Kirche und hat beschlossen, halten eine Agenda weniger anstrengend f\u00fcr ihre Gesundheit zu erhalten, w\u00e4hrend Juan Pablo II 58 zu Beginn seines Pontifikats hatte.<\/p>\n<p>Juan Pablo II, der im Jahr 2005 starb, unternahm 19 Reisen in Lateinamerika, eine Region der \u00fcberwiegend katholischen Mehrheit, das letzte von ihnen war er 82 Jahre alt.<\/p>\n<p>Die weniger aktiven Benedicto XVI, die im April im achten Jahr seines Pontifikats treten wird, machte seine zweite Reise nach Lateinamerika und der erste, der Spanisch sprechenden L\u00e4ndern in der Region nach dem Besuch von Brasilien 2007.<\/p>\n<p>(Bericht von Philip Pullella, geschrieben von Barry Moody. Ver\u00f6ffentlicht in Spanisch von Marion Giraldo)<\/p>\n","protected":false},"excerpt":{"rendered":"<p>Rom (Reuters) &#8211; Papst Benedikt XVI. am Freitag \u00f6ffentlich gef\u00f6rderter einen Stock zum ersten Mal zu Beginn seiner Reise nach Lateinamerika, in ein Zeichen f\u00fcr seine zunehmende k\u00f6rperliche Schw\u00e4che verst\u00e4rkt. Der Pontifex, der 85 n\u00e4chsten Monat ging ein Flugzeug am Flughafen Fiumicino in Rom mit einem Stock aus, sagte der Vatikan Reporter begleitete ihn auf [&hellip;]<\/p>\n","protected":false},"author":1,"featured_media":0,"comment_status":"close","ping_status":"open","sticky":false,"template":"","format":"standard","meta":{"footnotes":""},"categories":[3],"tags":[46297,46296],"class_list":["post-36308","post","type-post","status-publish","format-standard","hentry","category-allgemeine","tag-gefrderter","tag-uruguayisch-justiz","et-doesnt-have-format-content","et_post_format-et-post-format-standard"],"_links":{"self":[{"href":"https:\/\/www.best-dentist-dentistry.com\/de\/wp-json\/wp\/v2\/posts\/36308","targetHints":{"allow":["GET"]}}],"collection":[{"href":"https:\/\/www.best-dentist-dentistry.com\/de\/wp-json\/wp\/v2\/posts"}],"about":[{"href":"https:\/\/www.best-dentist-dentistry.com\/de\/wp-json\/wp\/v2\/types\/post"}],"author":[{"embeddable":true,"href":"https:\/\/www.best-dentist-dentistry.com\/de\/wp-json\/wp\/v2\/users\/1"}],"replies":[{"embeddable":true,"href":"https:\/\/www.best-dentist-dentistry.com\/de\/wp-json\/wp\/v2\/comments?post=36308"}],"version-history":[{"count":0,"href":"https:\/\/www.best-dentist-dentistry.com\/de\/wp-json\/wp\/v2\/posts\/36308\/revisions"}],"wp:attachment":[{"href":"https:\/\/www.best-dentist-dentistry.com\/de\/wp-json\/wp\/v2\/media?parent=36308"}],"wp:term":[{"taxonomy":"category","embeddable":true,"href":"https:\/\/www.best-dentist-dentistry.com\/de\/wp-json\/wp\/v2\/categories?post=36308"},{"taxonomy":"post_tag","embeddable":true,"href":"https:\/\/www.best-dentist-dentistry.com\/de\/wp-json\/wp\/v2\/tags?post=36308"}],"curies":[{"name":"wp","href":"https:\/\/api.w.org\/{rel}","templated":true}]}}