{"id":36309,"date":"2013-03-30T02:26:32","date_gmt":"2013-03-30T02:26:32","guid":{"rendered":null},"modified":"-0001-11-30T00:00:00","modified_gmt":"-0001-11-30T00:00:00","slug":"health-is-committed-to-negotiate-with-unions-its-proposals-for-professional-development-and-the-sns-service-portfolio","status":"publish","type":"post","link":"https:\/\/www.best-dentist-dentistry.com\/de\/health-is-committed-to-negotiate-with-unions-its-proposals-for-professional-development-and-the-sns-service-portfolio\/36309","title":{"rendered":"Gesundheit ist verpflichtet, mit den Gewerkschaften verhandeln ihre Vorschl\u00e4ge f\u00fcr professionelle Entwicklung und das SNS Service portfolio"},"content":{"rendered":"<p class=\"first\"> <span class=\"yshortcuts\" id=\"lw_1332523386_0\"> MADRID<\/span>, 23 (<span class=\"yshortcuts\" id=\"lw_1332523386_1\"> EUROPA PRESS<\/span>)<\/p>\n<p>Das Ministerium f\u00fcr <span class=\"yshortcuts\" id=\"lw_1332523386_2\"> Gesundheit<\/span>, <span class=\"yshortcuts\" id=\"lw_1332523386_3\"> Soziales<\/span> und Gleichstellung hat versprochen, die Treffen mit den <span class=\"yshortcuts\" id=\"lw_1332523386_4\"> Gewerkschaften<\/span> zu diskutieren und verhandeln die Vorschl\u00e4ge vereinbarten <span class=\"yshortcuts\" id=\"lw_1332523386_5\"> Gruppen<\/span> erstellt nach dem <span class=\"yshortcuts\" id=\"lw_1332523386_6\"> Letzten Interterritorial Rat<\/span> des <span class=\"yshortcuts\" id=\"lw_1332523386_7\"> nationalen Systems<\/span> der Gesundheit (<span class=\"yshortcuts\" id=\"lw_1332523386_8\"> SNS<\/span>), mit dem Ziel zu definieren und zu verbessern, berufliche Entwicklung, Service-Portfolio, Karte von Ressourcen der Informationstechnologien und der zentrale Einkaufsplattform.<\/p>\n<p>Hat es in Europa Press so best\u00e4tigt der Pr\u00e4sident des nationalen Gesundheitswesens der unabh\u00e4ngigen Gewerkschaft CSI-CSIF, Fernando Molina, nach der Teilnahme zusammen mit anderen Vertreter der Gewerkschaften mit dem Generalsekretariat der Gesundheit, Pilar Farjas, bei der ersten Sitzung der Legislaturperiode des Rahmens Forum f\u00fcr sozialen Dialog.<\/p>\n<p>Nummer zwei Gesundheit hat erkannt, bevor der Gewerkschaften, die gesetzgeberisch ein Verhandlungsmandat gibt es innerhalb des Ministeriums, K\u00f6rper, die in der vorangegangenen Wahlperiode unter dem Namen der sektoralen Gesundheit Tabelle konstituiert wurde.<\/p>\n<p>In diesem Fall Farjas &#8220;wollte nicht nennen&#8221;, sagte Molina, was darauf hindeutet, dass dies m\u00f6glicherweise aufgrund, dass, wenn es in der vorangegangenen Wahlperiode gegr\u00fcndet wurde, enthalten die Ablehnung der Gemeinschaften unterliegen der PP. &#8220;gibt mir gleich den Namen, ich wollen ist zu verhandeln&#8221;, angesprochen hat.<\/p>\n<p>In diesem Zusammenhang der Vertreter der CSI-CSIF erzielt das Engagement der Gesundheit, die sie zu verhandeln &#8220;einberufen&#8221; doch einmal die Vorschl\u00e4ge der Arbeitsgruppen haben, dass die Gesundheit und die Gemeinschaften vereinbart, nach der letzten CISNS zu erstellen.<\/p>\n<p>Vor allem drei Gruppen entstanden im Bereich der Weiterbildung (Verg\u00fctungsmodell der SNS, Berufsgruppen und professionelle Entwicklungsmodell); zwei konzentrierte sich Service-Portfolio, eine andere Entwicklung die Karte \u00fcber die Ressourcen der Technologien der Information und eine Abschlusspr\u00fcfung, die zentrale Einkaufsplattform entwickeln wird.<\/p>\n<p>Von Molina, wer erwartet, dass die erste Sitzung dieses Verhandlungsgremium f\u00fcr die zweite H\u00e4lfte April einberufen werden, da &#8220;Es gibt viele dr\u00e4ngende Fragen&#8221; anerkannt &#8220;Es scheint, dass sie gro\u00dfe Eile, einnehmen, denn es gibt viele Dinge zu entwickeln&#8221;,.<\/p>\n<p>Nach Molina, der Fachkr\u00e4fte des Gesundheitswesens &#8220;wollen nicht, dass die Qualit\u00e4t der Versorgung durch die Schnitte geschw\u00e4cht wird&#8221; und zur gleichen Zeit, wollen ihre Verg\u00fctung soll &#8220;was sie sind und was sie tun&#8221;.<\/p>\n<p>SATSE behauptete beste Voraussetzungen f\u00fcr Krankenpflege<\/p>\n<p>F\u00fcr seinen Teil, sagte der Generalsekret\u00e4r der Gewerkschaft der Krankenpflege SATSE, Alejandro Laguna, seine Zufriedenheit, Ministerium f\u00fcr Engagement zu h\u00f6ren, die Vertreter der Profis in anderen Organen der Beteiligung und Arbeitsgruppen mit dem Ziel der &#8220;gemeinsame Anstrengungen zur Verbesserung der Bedingungen dieses Kollektivs&#8221; enthalten wird.<\/p>\n<p>Jedoch dieser Experte hat auch gefordert, dass Organe der Teilnahme m\u00fcssen nicht in einer blo\u00dfen &#8220;Absichtserkl\u00e4rung&#8221;, und die &#8220;Kontinuit\u00e4t und Inhalte&#8221;. &#8220;Wird es die einzige M\u00f6glichkeit, die verwendet werden k\u00f6nnte, reagieren auf die Interessen und Probleme der Profis und Anwendern der Gesundheitsversorgung, sein&#8221; bestand.<\/p>\n<p>Lagune auch daran erinnert, dass seine Union auch f\u00fcr eine lange Zeit, die &#8220;die Stimme von Benutzern und Fachleuten geh\u00f6rt, ist&#8221; verteidigt wenn einen Pakt f\u00fcr Gesundheit, Verschlechterung, die leidet unter dem NHS verhindern.<\/p>\n","protected":false},"excerpt":{"rendered":"<p>MADRID, 23 ( EUROPA PRESS) Das Ministerium f\u00fcr Gesundheit, Soziales und Gleichstellung hat versprochen, die Treffen mit den Gewerkschaften zu diskutieren und verhandeln die Vorschl\u00e4ge vereinbarten Gruppen erstellt nach dem Letzten Interterritorial Rat des nationalen Systems der Gesundheit ( SNS), mit dem Ziel zu definieren und zu verbessern, berufliche Entwicklung, Service-Portfolio, Karte von Ressourcen der [&hellip;]<\/p>\n","protected":false},"author":1,"featured_media":0,"comment_status":"close","ping_status":"open","sticky":false,"template":"","format":"standard","meta":{"footnotes":""},"categories":[3],"tags":[46297],"class_list":["post-36309","post","type-post","status-publish","format-standard","hentry","category-allgemeine","tag-gefrderter","et-doesnt-have-format-content","et_post_format-et-post-format-standard"],"_links":{"self":[{"href":"https:\/\/www.best-dentist-dentistry.com\/de\/wp-json\/wp\/v2\/posts\/36309","targetHints":{"allow":["GET"]}}],"collection":[{"href":"https:\/\/www.best-dentist-dentistry.com\/de\/wp-json\/wp\/v2\/posts"}],"about":[{"href":"https:\/\/www.best-dentist-dentistry.com\/de\/wp-json\/wp\/v2\/types\/post"}],"author":[{"embeddable":true,"href":"https:\/\/www.best-dentist-dentistry.com\/de\/wp-json\/wp\/v2\/users\/1"}],"replies":[{"embeddable":true,"href":"https:\/\/www.best-dentist-dentistry.com\/de\/wp-json\/wp\/v2\/comments?post=36309"}],"version-history":[{"count":0,"href":"https:\/\/www.best-dentist-dentistry.com\/de\/wp-json\/wp\/v2\/posts\/36309\/revisions"}],"wp:attachment":[{"href":"https:\/\/www.best-dentist-dentistry.com\/de\/wp-json\/wp\/v2\/media?parent=36309"}],"wp:term":[{"taxonomy":"category","embeddable":true,"href":"https:\/\/www.best-dentist-dentistry.com\/de\/wp-json\/wp\/v2\/categories?post=36309"},{"taxonomy":"post_tag","embeddable":true,"href":"https:\/\/www.best-dentist-dentistry.com\/de\/wp-json\/wp\/v2\/tags?post=36309"}],"curies":[{"name":"wp","href":"https:\/\/api.w.org\/{rel}","templated":true}]}}