{"id":3631,"date":"2012-02-20T10:00:11","date_gmt":"2012-02-20T10:00:11","guid":{"rendered":null},"modified":"-0001-11-30T00:00:00","modified_gmt":"-0001-11-30T00:00:00","slug":"the-psoe-urges-the-government-to-develop-the-terms-of-the-public-health-act-that-affect-self-employed-before-april","status":"publish","type":"post","link":"https:\/\/www.best-dentist-dentistry.com\/de\/the-psoe-urges-the-government-to-develop-the-terms-of-the-public-health-act-that-affect-self-employed-before-april\/3631","title":{"rendered":"Die PSOE fordert die Regierung die Bedingungen der Public Health Act zu entwickeln, die selbst\u00e4ndige vor April beeinflussen"},"content":{"rendered":"<p class=\"first\"> <span class=\"yshortcuts\" id=\"lw_1329747815_0\"> MADRID<\/span>, 20 (<span class=\"yshortcuts\" id=\"lw_1329747815_1\"> EUROPA PRESS<\/span>)<\/p>\n<p>Der <span class=\"yshortcuts\" id=\"lw_1329747815_2\"> Fraktion<\/span> im <span class=\"yshortcuts\" id=\"lw_1329747815_3\"> Abgeordnetenkongress<\/span> sozialistischen unterbreitete Vorschlag f\u00fcr einen Rechtsakt nicht durch die <span class=\"yshortcuts\" id=\"lw_1329747815_4\"> Regierung<\/span>, vor dem April, Vorschriften <span class=\"yshortcuts\" id=\"lw_1329747815_5\"> Begriffe<\/span> und Bedingungen f\u00fcr <span class=\"yshortcuts\" id=\"lw_1329747815_6\"> die Erweiterung<\/span> des Rechts auf \u00f6ffentliche <span class=\"yshortcuts\" id=\"lw_1329747815_7\"> Gesundheitsversorgung<\/span>, zu entwickeln, wie das <span class=\"yshortcuts\" id=\"lw_1329747815_8\"> Allgemeine Gesetz<\/span> der \u00f6ffentlichen Gesundheit f\u00fcr diejenigen hergestellt wird, die eine selbst\u00e4ndige T\u00e4tigkeit aus\u00fcben.<\/p>\n<p>Dieser Initiative registriert der Sprecher der Sozialistischen Fraktion, Jos\u00e9 Mart\u00ednez Olmos, Gesundheit tritt nach der Annahme letztes Jahr von der Universalisierung des \u00f6ffentlichen Gesundheitswesens, geregelt durch das allgemeine Gesetz und die nicht beendet ist.<\/p>\n<p>La Ley, dass ich Promulgo im Oktober etabliert die Erweiterung des Rechts auf Gesundheitsversorgung f\u00fcr alle Spanier Wohnsitz im Inland, 1. Januar, die nicht sie gem\u00e4\u00df anderen Bestimmungen des Rechtssystems erkannt werden konnte. F\u00fcr der Rest des Kollektivs entstand innerhalb von sechs Monaten, die Ende M\u00e4rz. <\/p>\n<p>Auf der anderen Seite schl\u00e4gt auch eine Aussage anstatt Gesetz, die Genehmigung der K\u00f6niglichen Dekrete medizinische Spezialgebiete und Kernf\u00e4cher.  So fordert den Erlass des K\u00f6niglichen Dekrets regelt die Einbeziehung der Kriterien des zentralen Themen in die Bildung von bestimmten Besonderheiten in Gesundheitswissenschaften, der Stamm Neufestlegung und spezifische Ausbildung &#8220;unverz\u00fcglich&#8221;.<\/p>\n<p>Auch verabschiedet, die das K\u00f6nigliche Dekret die neue Spezialist Titel erstellt und ist aktualisiert das pr\u00e4gende System bestimmte Spezialit\u00e4ten in Gesundheitswissenschaften, die Einbeziehung der neuen Spezialit\u00e4t von Infektionskrankheiten, Kinder-und Jugendpsychiatrie, Humangenetik und dringliche und Notf\u00e4lle als prim\u00e4re Spezialit\u00e4t.<\/p>\n<p>Diese Anforderung tritt als Reaktion auf die in den letzten Legislaturperiode der PSOE &#8220;nahm entscheidende Schritte&#8221; zur Verbesserung des Ausbildungssystems der der MIR, &#8220;Entwicklung von Arbeit und Vorschl\u00e4ge f\u00fcr Verbesserungen in der Zeile, das Konzept der Kernf\u00e4cher in spezialisierte Ausbildung sicherzustellen, bessere Ausbildung zu integrieren&#8221; von Fach\u00e4rzten und f\u00fcgt hinzu: &#8220;eine bessere Planung des Bedarfs an Gesundheitsdiensten&#8221;.<\/p>\n<p>Sozialistische Regierung ging mit der Verarbeitung von zwei k\u00f6niglichen Dekreten, das Konzept der zentralen Themen auf der einen Seite zu integrieren und f\u00fcr die Schaffung von neuen medizinischen Spezialit\u00e4ten, auf der anderen. Zwei k\u00f6nigliche Dekrete wurden deren Bericht dem Rat des Zustandes und der letzten prozessualen Formalit\u00e4ten zur endg\u00fcltigen Genehmigung noch aussteht. <\/p>\n","protected":false},"excerpt":{"rendered":"<p>MADRID, 20 ( EUROPA PRESS) Der Fraktion im Abgeordnetenkongress sozialistischen unterbreitete Vorschlag f\u00fcr einen Rechtsakt nicht durch die Regierung, vor dem April, Vorschriften Begriffe und Bedingungen f\u00fcr die Erweiterung des Rechts auf \u00f6ffentliche Gesundheitsversorgung, zu entwickeln, wie das Allgemeine Gesetz der \u00f6ffentlichen Gesundheit f\u00fcr diejenigen hergestellt wird, die eine selbst\u00e4ndige T\u00e4tigkeit aus\u00fcben. Dieser Initiative registriert [&hellip;]<\/p>\n","protected":false},"author":1,"featured_media":0,"comment_status":"close","ping_status":"open","sticky":false,"template":"","format":"standard","meta":{"footnotes":""},"categories":[3],"tags":[11967],"class_list":["post-3631","post","type-post","status-publish","format-standard","hentry","category-allgemeine","tag-positionen","et-doesnt-have-format-content","et_post_format-et-post-format-standard"],"_links":{"self":[{"href":"https:\/\/www.best-dentist-dentistry.com\/de\/wp-json\/wp\/v2\/posts\/3631","targetHints":{"allow":["GET"]}}],"collection":[{"href":"https:\/\/www.best-dentist-dentistry.com\/de\/wp-json\/wp\/v2\/posts"}],"about":[{"href":"https:\/\/www.best-dentist-dentistry.com\/de\/wp-json\/wp\/v2\/types\/post"}],"author":[{"embeddable":true,"href":"https:\/\/www.best-dentist-dentistry.com\/de\/wp-json\/wp\/v2\/users\/1"}],"replies":[{"embeddable":true,"href":"https:\/\/www.best-dentist-dentistry.com\/de\/wp-json\/wp\/v2\/comments?post=3631"}],"version-history":[{"count":0,"href":"https:\/\/www.best-dentist-dentistry.com\/de\/wp-json\/wp\/v2\/posts\/3631\/revisions"}],"wp:attachment":[{"href":"https:\/\/www.best-dentist-dentistry.com\/de\/wp-json\/wp\/v2\/media?parent=3631"}],"wp:term":[{"taxonomy":"category","embeddable":true,"href":"https:\/\/www.best-dentist-dentistry.com\/de\/wp-json\/wp\/v2\/categories?post=3631"},{"taxonomy":"post_tag","embeddable":true,"href":"https:\/\/www.best-dentist-dentistry.com\/de\/wp-json\/wp\/v2\/tags?post=3631"}],"curies":[{"name":"wp","href":"https:\/\/api.w.org\/{rel}","templated":true}]}}