{"id":36318,"date":"2013-03-30T02:27:31","date_gmt":"2013-03-30T02:27:31","guid":{"rendered":null},"modified":"-0001-11-30T00:00:00","modified_gmt":"-0001-11-30T00:00:00","slug":"pope-seeks-to-deepen-faith-and-change-in-socialist-cuba","status":"publish","type":"post","link":"https:\/\/www.best-dentist-dentistry.com\/de\/pope-seeks-to-deepen-faith-and-change-in-socialist-cuba\/36318","title":{"rendered":"Papst soll glauben zu vertiefen, und \u00e4ndern Sie im sozialistischen Kuba"},"content":{"rendered":"<p class=\"first\"> SANTIAGO DE CUBA (Reuters) &#8211; Papst Benedict XVI kommen am Montag nach Kuba f\u00fcr einen dreit\u00e4gigen Besuch, die mit Pr\u00e4sident Ra\u00fal Castro zur St\u00e4rkung der Beziehungen zwischen den beiden Institutionen des Landes, trotz seiner Visionen des sozialistischen Modells auf der Insel seit mehr als f\u00fcnf Jahrzehnten bestehende kontrastierenden einflussreichsten gerecht werden.<\/p>\n<p>Zehntausende Kubaner sind eingeschrieben in Santiago de Cuba, gibt einen jubelnden Empfang der deutschen Papst, wer in seinen 84 Jahren, eine kleine Tour des Gebietes eingeschlagen, des katholischen Glaubens gegen erh\u00f6hte Knopfdruck beliebte evangelisch, als Evangelisten und Pfingstler glauben wiederzubeleben.<\/p>\n<p>Aus die historische Begegnung zwischen dem sp\u00e4ten Juan Pablo II und ehemaliger Pr\u00e4sident Fidel Castro im Jahr 1998 ist der katholischen Kirche der wichtigste Partner der Regierung in Sachen als empfindlich als politische Gefangene und Dissidenten-Gruppen geworden.<\/p>\n<p>Aber mit weniger Magnetismus-Medien, die ihre jeweiligen Vorg\u00e4nger, Ra\u00fal Castro und Benedicto XVI sind als pragmatischer F\u00fchrer und das treffen k\u00f6nnte bauen ein Schl\u00fcssel Allianz beim Havanna wirbt f\u00fcr die Wirtschaft ohne Verzicht auf ihrer sozialistischen Ideologie und der Kirche zu aktualisieren versucht haben ein gr\u00f6\u00dferes soziales Gewicht durch soziale und p\u00e4dagogische Programme.<\/p>\n<p>Ver\u00f3nica S\u00e1nchez, ein mexikanischer Student, der nicht die Ereignisse in seinem Land teilnehmen konnten, sondern dass Sie f\u00fchlen k\u00f6nnen, in Kuba der Aufenthalt der Papst. &#8220;, Juan Pablo II war wirklich ein sehr charismatischer und beliebte Papst obwohl ich nicht Vergleiche gerne,&#8221; sagte &#8220;Benedikts Besuch werden etwas bedeutsames&#8221;, f\u00fcgte er hinzu.<\/p>\n<p>Der Heilige Vater wird durch den Pr\u00e4sidenten am Flughafen in Santiago, nach Abschluss einen Besuch, der einen erneuerten Glauben trotz der dramatischen Gewalt Drogenhandel gefordert, aber vermieden, betreten die umstrittene F\u00e4lle von P\u00e4dophilie in das zweite Land mit mehr Katholiken in der Welt in Mexiko empfangen werden.<\/p>\n<p>Verst\u00e4rkt mit Flaschen Wasser um die dr\u00fcckende Hitze der Karibik zu unterdr\u00fccken und winken kleine Flaggen von Kuba und dem Vatikan, einige 200.000 Leute besuchen am Nachmittag Masse, die als Pontifex in die zweitgr\u00f6\u00dfte Stadt der Insel dienen wird.<\/p>\n<p>F\u00fcr Dienstag, der Papst wird zollen der Virgen De La Caridad in das nahe gelegene Heiligtum von El Cobre, wo liegt das mythische Bild von der kubanischen Schutzpatronin, die 400 Jahre seiner Entdeckung von Fischern auf See feiert. Am Nachmittag fliegt nach Havanna formell Treffen mit Raul.<\/p>\n<p>Es ist unklar, ob Benedict auch gerecht wird, mit Fidel, 85 Jahre alt, oder mit dem venezolanischen Pr\u00e4sidenten Hugo Ch\u00e1vez, der ist in Kuba in einer Strahlentherapie, um Krebs zu bek\u00e4mpfen, die letztes Jahr diagnostiziert wurde.<\/p>\n<p>Keinen Kommunismus kein EMBARGO<\/p>\n<p>Der Besuch der Papst Benedicto XVI Krone einen s\u00fc\u00dfen Moment zwischen der Kirche und der Regierung, der Jahrzehnte der Feindseligkeiten nach dem Triumph der Revolution 1959 lebte, obwohl es aus einer vorderen Anweisung gegen den Kommunismus vorangestellt wird.<\/p>\n<p>&#8220;die marxistischen Ideologie in der Form, in dem es bereits konzipiert wurde nicht mit der Realit\u00e4t \u00fcberein&#8221; sagte Woche an Bord der P\u00e4pstlichen Maschine auf seinem Weg nach Lateinamerika. &#8220;neue Modelle sind geduldig und konstruktiv zu finden&#8221;, hinzugef\u00fcgt den Papst behauptet, dass die Kirche auf diese Weise helfen kann.<\/p>\n<p>Die Regierung treibt Hunderte von Reformen zu geben mehr Raum f\u00fcr privaten Unternehmertums und erleichtern deutlich geschwollenen Zustand-Abrechnung, die Erwartungen und \u00c4ngste im Land von 11 Millionen Menschen daran gew\u00f6hnt, jahrzehntelanger sowjetischem wirtschaftlichen Zentralismus erzeugt hat.<\/p>\n<p>&#8220;die Kubaner, die wir m\u00f6chten, dass der Papstbesuch h\u00e4tte Folgen f\u00fcr die Beendigung der Blockade, aber wir brauchen nicht, ein neues System,&#8221; sagte Sergio Teyes, ein Mann von 40 Jahren \u00fcber seine Chevrolet Deluxe 1950 in oft Blei Touristen durch die Stadt bummeln.<\/p>\n<p>Trotz der Kritik des Kommunismus lehnt der Vatikan auch offen Embargos von Vereinigten Staaten gegen Kuba 50-j\u00e4hrige.<\/p>\n<p>Auf der anderen Seite Benedicto XVI haben auf ihrer Tagesordnung erh\u00e4lt keine Dissidenten F\u00fchrer, die f\u00fcr eine Minute mit dem Papst gebeten hatte, um gr\u00f6\u00dfere politische Freiheit und Achtung der Menschenrechte zu bitten.<\/p>\n<p>Die Damen in wei\u00df, eine Gruppe von katholischen Frauen fordern die Freilassung von politischen Gefangenen, sagte, dass die Beh\u00f6rden dem Heiligen Vater ein Kuba zeigen &#8220;die does not exist&#8221; und stellen Sie sicher, sie haben sie w\u00e4hrend der Messe f\u00fcr den Papst verboten.<\/p>\n<p>&#8220;Ich wartete auf mehreren Gef\u00e4hrten in das Zentrum von Santiago, aber sie nie angekommen. Offenbar sie verhaftet um den Protest zu vereiteln, die wir f\u00fcr den Besuch des Papstes hier geplant hatten&#8221;, sagte Aime\u00e9 Garc\u00e9s, ein Dissident in Santiago, dessen Forderung nicht durch andere Quellen best\u00e4tigt werden konnte.<\/p>\n<p>Einige 30 Frauen in dieser Gruppe protestierte Sonntag, als die Wochen vor acht Jahren, in einer bekannten Avenue von Havanna in der Mitte ein gro\u00dfes Medienecho nach die Verhaftung letzte Woche von mehreren von ihnen noch \u00c4ngste des Konflikts w\u00e4hrend der P\u00e4pstlichen verschlechtert aufrufen.<\/p>\n<p>(Herausgegeben von Enrique Andres Pretel und Silene Ramirez)<\/p>\n","protected":false},"excerpt":{"rendered":"<p>SANTIAGO DE CUBA (Reuters) &#8211; Papst Benedict XVI kommen am Montag nach Kuba f\u00fcr einen dreit\u00e4gigen Besuch, die mit Pr\u00e4sident Ra\u00fal Castro zur St\u00e4rkung der Beziehungen zwischen den beiden Institutionen des Landes, trotz seiner Visionen des sozialistischen Modells auf der Insel seit mehr als f\u00fcnf Jahrzehnten bestehende kontrastierenden einflussreichsten gerecht werden. Zehntausende Kubaner sind eingeschrieben [&hellip;]<\/p>\n","protected":false},"author":1,"featured_media":0,"comment_status":"close","ping_status":"open","sticky":false,"template":"","format":"standard","meta":{"footnotes":""},"categories":[3],"tags":[46298],"class_list":["post-36318","post","type-post","status-publish","format-standard","hentry","category-allgemeine","tag-regionalwahlen","et-doesnt-have-format-content","et_post_format-et-post-format-standard"],"_links":{"self":[{"href":"https:\/\/www.best-dentist-dentistry.com\/de\/wp-json\/wp\/v2\/posts\/36318","targetHints":{"allow":["GET"]}}],"collection":[{"href":"https:\/\/www.best-dentist-dentistry.com\/de\/wp-json\/wp\/v2\/posts"}],"about":[{"href":"https:\/\/www.best-dentist-dentistry.com\/de\/wp-json\/wp\/v2\/types\/post"}],"author":[{"embeddable":true,"href":"https:\/\/www.best-dentist-dentistry.com\/de\/wp-json\/wp\/v2\/users\/1"}],"replies":[{"embeddable":true,"href":"https:\/\/www.best-dentist-dentistry.com\/de\/wp-json\/wp\/v2\/comments?post=36318"}],"version-history":[{"count":0,"href":"https:\/\/www.best-dentist-dentistry.com\/de\/wp-json\/wp\/v2\/posts\/36318\/revisions"}],"wp:attachment":[{"href":"https:\/\/www.best-dentist-dentistry.com\/de\/wp-json\/wp\/v2\/media?parent=36318"}],"wp:term":[{"taxonomy":"category","embeddable":true,"href":"https:\/\/www.best-dentist-dentistry.com\/de\/wp-json\/wp\/v2\/categories?post=36318"},{"taxonomy":"post_tag","embeddable":true,"href":"https:\/\/www.best-dentist-dentistry.com\/de\/wp-json\/wp\/v2\/tags?post=36318"}],"curies":[{"name":"wp","href":"https:\/\/api.w.org\/{rel}","templated":true}]}}