{"id":36324,"date":"2013-03-30T02:28:08","date_gmt":"2013-03-30T02:28:08","guid":{"rendered":null},"modified":"-0001-11-30T00:00:00","modified_gmt":"-0001-11-30T00:00:00","slug":"pope-pays-homage-to-patron-saint-of-cuba-to-ask-for-faith-and-changes","status":"publish","type":"post","link":"https:\/\/www.best-dentist-dentistry.com\/de\/pope-pays-homage-to-patron-saint-of-cuba-to-ask-for-faith-and-changes\/36324","title":{"rendered":"Papst ehrt die Schutzpatron von Kuba, glauben und \u00c4nderungen fordern"},"content":{"rendered":"<p class=\"first\"> EL COBRE, Kuba (Reuters) &#8211; Papst Benedict XVI am Dienstag besuchen das Heiligtum von El Cobre, einer kleinen Stadt in der N\u00e4he von Santiago De Cuba ist die Heimat der Virgen De La Caridad, ein nationales Symbol, die St\u00e4rke der Kirche bieten eine gr\u00f6\u00dfere Rolle in der Mitte die Transformationen vor die sozialistische Nation gegeben hat.<\/p>\n<p>Der Heilige Vater fragte Kubaner zum Aufbau einer neuen Gesellschaft &#8220;offen und fair&#8221; w\u00e4hrend seiner massiven Masse am Montag in Santiago de Chile, erste Station auf einer drei-Tage-Reise, die viele hoffen erzeugen gr\u00f6\u00dferen Offenheit der Regierung sensibel wie Menschenrechte und politischen Freiheiten Probleme zu behandeln.<\/p>\n<p>&#8220;Im Zuge von so vielen Pilgern, auch ich m\u00f6chte zum Kupfer ich an den F\u00fc\u00dfen der Mutter Gottes niederzuwerfen (und) seine F\u00fcrsprache bitten, damit die Schicksale dieser geliebten Nation auf den Pfaden der Gerechtigkeit, Frieden, Freiheit und Vers\u00f6hnung, F\u00fchrung&#8221; sagte nach seiner Ankunft in dem Land nach einem Besuch in Mexiko.<\/p>\n<p>Im vergangenen Jahr die Prozession der ein Replikat des Bildes auf der ganzen Insel neu entfacht die glaube an ein Land, das offiziell Atheist bis 1992 war, und f\u00fchrte zu den Besuch des Papstes 14 Jahre her ist Juan Pablo II erweicht die feindselige Beziehung, die zwischen der Kirche und der Regierung seit dem Triumph der Revolution 1959 existierte.<\/p>\n<p>Pilgerreise zu feiern Jubil\u00e4um-Nummer 400 ihre Feststellungen im Meer einige Fischer zog Hunderttausende Anh\u00e4nger sowohl die katholischen als auch die Santer\u00eda, eine Spiritualit\u00e4t der afrikanischen Wurzeln bekannt als Och\u00fan, die G\u00f6ttin der Liebe.<\/p>\n<p>Aber war auch ein Zeichen f\u00fcr den wachsenden Einfluss der Kirche auf Kuba, die seit dem Besuch des polnischen Papstes der einflussreichsten Institution nach der Kommunistischen Partei&#8211;nur Legal in der Land- und wichtigsten Gespr\u00e4chspartner der Regierung zu sensiblen Themen wie die Dissidentengruppen geworden.<\/p>\n<p>Essential-Kirche<\/p>\n<p>Der Papst wird einen privaten Besuch morgens nach \u00dcbernachtung in einer Residenz in der N\u00e4he des Schreins und wird sp\u00e4ter auslaufen nach Havanna zu treffen mit Pr\u00e4sident Ra\u00fal Castro.<\/p>\n<p>Dar\u00fcber hinaus konnte der Leiter des Vatikan-Staates mit Fidel Castro, F\u00fchrer der Revolution, und seinem venezolanischen Verb\u00fcndeten, Hugo Ch\u00e1vez, der in Kuba mit Strahlentherapie behandelt werden, der Krebs ist, die im vergangenen Jahr diagnostiziert wurde gefunden.<\/p>\n<p>Aber es ist nicht beabsichtigt, Publikum zu Oppositionsgruppen, geben sich beschweren, dass die Beh\u00f6rden seine Heiligkeit eine verzerrte Realit\u00e4t zeigen w\u00e4hrend der Regierung, sie vorgeworfen des Seins im Sold der USA zur Destabilisierung des Landes.<\/p>\n<p>Der Bischof von Rom moderiert seiner Rede nach der vorderen Kommentare vorangestellt seiner Ankunft \u00fcber das Scheitern des Kommunismus in Kuba, sondern verwaltet seine Ansicht, dass das Land braucht neue Wege und Modelle voraus, und die Kirche ist bereit zu helfen, wenn sie zur\u00fcck lassen.<\/p>\n<p>&#8220;bleiben viele Aspekte, die k\u00f6nnen und m\u00fcssen nach vorne, vor allem zu den wesentlichen Beitrag, die die Religion zu berufen ist in der \u00d6ffentlichkeit der Gesellschaft zu spielen&#8221;, sagte den Papst, der auch die 50 Jahren des Wirtschaftsembargos Auswirkungen auf Kuba USA kritisiert hat.<\/p>\n<p>Da nahm er offiziell der Vorsitz in 2008 nach dem R\u00fccktritt seines Bruders f\u00fcr Gesundheit Gr\u00fcnde, Ra\u00fal Castro f\u00f6rderte Reformen, um die Wirtschaft zu beleben, ohne Verzicht auf die marxistische Ideologie, Generieren von Erwartungen und \u00c4ngste in einem Land, das seit Jahrzehnten zu den Zentralismus des sowjetischen Gerichts gew\u00f6hnt.<\/p>\n<p>Mehr als die RELIGION<\/p>\n<p>La Virgen De La Caridad ist eine Ikone, die Religion \u00fcbersteigt: von den ersten kubanischen Nationalisten verehrt, sein Bild begleitet viele von den Rebellen, die in der Sierra Maestra, die unter der F\u00fchrung von Fidel Castro und Ernesto &#8220;Che&#8221; Guevara und Sturz des Diktators Fulgencio Batista in den 1950er Jahren kam.<\/p>\n<p>Die Mutter von Fidel und Raul, die Br\u00fcder, die das Schicksal des Landes seit mehr als f\u00fcnf Jahrzehnten unter der Regie verlassen einige kleinen Figuren Gold ihrer Kinder zu den Sieg der Rebellen die N\u00e4chstenliebe fordern.<\/p>\n<p>Ernest Hemingway spendete die Virgin-Medaille der Nobelpreis f\u00fcr Literatur 1954 gewann, obwohl es nicht mehr zu sehen ist, da er ein paar Tage im Jahr 1986 &#8220;verschwunden&#8221;.<\/p>\n<p>In der bescheidenen Heiligtum des El Cobre, der Papst werden nationale Verehrung zu dieser Bef\u00fcrwortung der Jungfrau, wo jedes Jahr Tausende Kubaner kommen um Gef\u00e4lligkeiten aller Art, von Krankheiten um ein Visum f\u00fcr Reisen ins Ausland, bitten oder danken Ihre F\u00fcrbitte in schwierigen Zeiten Zeugen.<\/p>\n<p>&#8220;Liebe Mutter (Madonna) Danke f\u00fcr alles, was Sie mir gegeben haben.&#8221; Bitte helfen Sie mir in K\u00fcrze zusammen mit der Familie&#8221;, ein ehemaliger Hauptmann schrieb, wie er seine kostbaren Grad in der Kapelle der Angebote am Vortag der Papstbesuch hinterlegt.<\/p>\n<p>Troph\u00e4en, B\u00e4lle Baseball, Medaillen, Karnevalsmasken, PKW-Stellplatz, Sperren von Haar und sogar Bier Dosen schm\u00fccken den Altar der kleinen Bildnis.<\/p>\n<p>&#8220;Dies ist eine spezielle Praxis der Hingabe und des Spiritualismus von Santeria. Und es ist ein Weg, um die Angst vor diese religi\u00f6sen Praktiken zu verlieren&#8221;, sagte der Nachrichtenagentur Reuters den Priester des Schreins, Jorge Palma, \u00fcber ein Land wo nach jahrelanger Antiklerikalismus religi\u00f6sen Synkretismus vermehren.<\/p>\n<p>(Enrique Andr\u00e9s Pretel Zusatzbericht. Herausgegeben von Silene Ramirez)<\/p>\n","protected":false},"excerpt":{"rendered":"<p>EL COBRE, Kuba (Reuters) &#8211; Papst Benedict XVI am Dienstag besuchen das Heiligtum von El Cobre, einer kleinen Stadt in der N\u00e4he von Santiago De Cuba ist die Heimat der Virgen De La Caridad, ein nationales Symbol, die St\u00e4rke der Kirche bieten eine gr\u00f6\u00dfere Rolle in der Mitte die Transformationen vor die sozialistische Nation gegeben [&hellip;]<\/p>\n","protected":false},"author":1,"featured_media":0,"comment_status":"close","ping_status":"open","sticky":false,"template":"","format":"standard","meta":{"footnotes":""},"categories":[3],"tags":[46298],"class_list":["post-36324","post","type-post","status-publish","format-standard","hentry","category-allgemeine","tag-regionalwahlen","et-doesnt-have-format-content","et_post_format-et-post-format-standard"],"_links":{"self":[{"href":"https:\/\/www.best-dentist-dentistry.com\/de\/wp-json\/wp\/v2\/posts\/36324","targetHints":{"allow":["GET"]}}],"collection":[{"href":"https:\/\/www.best-dentist-dentistry.com\/de\/wp-json\/wp\/v2\/posts"}],"about":[{"href":"https:\/\/www.best-dentist-dentistry.com\/de\/wp-json\/wp\/v2\/types\/post"}],"author":[{"embeddable":true,"href":"https:\/\/www.best-dentist-dentistry.com\/de\/wp-json\/wp\/v2\/users\/1"}],"replies":[{"embeddable":true,"href":"https:\/\/www.best-dentist-dentistry.com\/de\/wp-json\/wp\/v2\/comments?post=36324"}],"version-history":[{"count":0,"href":"https:\/\/www.best-dentist-dentistry.com\/de\/wp-json\/wp\/v2\/posts\/36324\/revisions"}],"wp:attachment":[{"href":"https:\/\/www.best-dentist-dentistry.com\/de\/wp-json\/wp\/v2\/media?parent=36324"}],"wp:term":[{"taxonomy":"category","embeddable":true,"href":"https:\/\/www.best-dentist-dentistry.com\/de\/wp-json\/wp\/v2\/categories?post=36324"},{"taxonomy":"post_tag","embeddable":true,"href":"https:\/\/www.best-dentist-dentistry.com\/de\/wp-json\/wp\/v2\/tags?post=36324"}],"curies":[{"name":"wp","href":"https:\/\/api.w.org\/{rel}","templated":true}]}}