{"id":36338,"date":"2013-03-30T02:29:41","date_gmt":"2013-03-30T02:29:41","guid":{"rendered":null},"modified":"-0001-11-30T00:00:00","modified_gmt":"-0001-11-30T00:00:00","slug":"more-ear-stresses-the-importance-of-defending-the-right-to-life-against-the-dominant-fashion","status":"publish","type":"post","link":"https:\/\/www.best-dentist-dentistry.com\/de\/more-ear-stresses-the-importance-of-defending-the-right-to-life-against-the-dominant-fashion\/36338","title":{"rendered":"Weitere Ohr betont, wie wichtig es ist, die Verteidigung des Rechtes auf Leben &#8220;gegen die vorherrschende Mode&#8221;"},"content":{"rendered":"<p class=\"first\"> <span class=\"yshortcuts\" id=\"lw_1333113467_0\"> MADRID<\/span>, 30 (<span class=\"yshortcuts\" id=\"lw_1333113467_1\"> EUROPA PRESS<\/span>)<\/p>\n<p>Der <span class=\"yshortcuts\" id=\"lw_1333113467_2\"> Vizepr\u00e4sident<\/span> der <span class=\"yshortcuts\" id=\"lw_1333113467_3\"> Europ\u00e4ischen popul\u00e4re Gruppe<\/span> (<span class=\"yshortcuts\" id=\"lw_1333113467_4\"> PPE<\/span>) und <span class=\"yshortcuts\" id=\"lw_1333113467_5\"> MEP<\/span> Jaime <span class=\"yshortcuts\" id=\"lw_1333113467_6\"> Mayor Oreja<\/span>, hat am Donnerstag betonte die Bedeutung der Verteidigung das <span class=\"yshortcuts\" id=\"lw_1333113467_7\"> Recht auf Leben<\/span> des ungeborenen &#8220;von der dominierenden <span class=\"yshortcuts\"id=\"lw_1333113467_8\"> Mode<\/span> in Europa&#8221; und bittet die Organisationen &#39; pro-Life &#39; Wer ist nicht besch\u00e4mt, &#8220;einen Wert von vielen tausend Europ\u00e4er gemeinsam&#8221; zu verteidigen.<\/p>\n<p>Erkl\u00e4rt es w\u00e4hrend eines Treffens der europ\u00e4ischen Verb\u00e4nde \u00fcber das Leben der ungeborenen, die in Br\u00fcssel, unter dem Motto stattfand &#39; wir sind nicht in der Verteidigung des ungeborenen trat &#39; die hat von einer Gruppe von mehreren Mitgliedern aus verschiedenen Fraktionen und in die rund 30 Organisationen aus 22 EU-L\u00e4ndern nahmen Teil gesponsert wurde.<\/p>\n<p>, Sowie die F\u00f6rderer der Initiative, Jaime Mayor Oreja und die italienische Abgeordnete, Vorsitzender des Ausschusses f\u00fcr konstitutionelle Fragen des Europ\u00e4ischen Parlaments, Carlo Casini, an denen polnische Abgeordnete und auch Vizepr\u00e4sident der EVP-Fraktion, Jan Olbrycht, Italiener Mario Mauro, Miroslav Mikolasik und Anna Z\u00e1borsk\u00e1 Slowaken; Tschechische Zuzana Roithov\u00e1, ungarische Laszlo entstehen; die slowenische Alojz Peterle Deutschen Martin K\u00e4slerPeter Liese und Bernd Posselt; Polnische Abgeordnete der Konservativen und reformorientierter europ\u00e4ischen (ECR) Konrad Szymanski-Gruppe und die liberale Fraktion (ALDE), Hannu Takkula. finnische<\/p>\n<p>&#8220;Es ist ein noch nie da gewesenen Treffen mit der Dimension der Gruppenleitung und die Dimension der Kader und zur\u00fcck, sie im Grunde ist, der Kern nicht abfinden selbst, \u00fcber welche eine dominante Tendenz in Europa der Verachtung f\u00fcr das Leben, die Missachtung der Rechte der nicht geboren, und das Gef\u00fchl, dass diese neue Zeit, in der wir leben wird nie mehr als eine Verst\u00e4rkung unserer Grundwerte und die erste erfordert&#8221; von ihnen ist das Recht auf Leben&#8221;, sagte gr\u00f6\u00dfere Ohr.<\/p>\n<p>Wie erl\u00e4utert, das Ziel ist auch, &#8220;der Wunsch ein, eine \u00c4nderung der pers\u00f6nlichen Einstellung, eine Ver\u00e4nderung im Trend einzuf\u00fchren, wenn es darum geht, sich nicht sch\u00e4men, Werte zu verteidigen, die viele Europ\u00e4er gemeinsam nutzen&#8221;.<\/p>\n<p>&#8220;Hoffnung, dass dieses Treffen institutionalisiert werden und jedes Jahr wir mehr und mehr Abgeordneten mit dieser Diagnose eingeladen haben, die europ\u00e4ischen Institutionen und Verb\u00e4nde, die das Recht auf Leben in diesen Einrichtungen zu verteidigen&#8221;, hinzugef\u00fcgt.<\/p>\n<p>Jeder der teilnehmenden Vereine &#8211; darunter einige spanische wie ein Recht auf Leben und Familie Politik Institute &#8211; hat eine Diagnose der Situation das Recht auf Leben in den verschiedenen L\u00e4ndern der EU und die Initiativen in jedem von ihnen gemacht.<\/p>\n<p>Europ\u00e4ische B\u00fcrgerinitiative<\/p>\n<p>F\u00fcr seinen Teil, der italienische Europaabgeordnete und Vorsitzende des Ausschusses f\u00fcr konstitutionelle Fragen des Europ\u00e4ischen Parlaments, Carlo Casini, k\u00fcndigte die Vorlage nur kurzen eine europ\u00e4ische B\u00fcrgerinitiative &#8220;in der Verteidigung des menschlichen Lebens&#8221;, unter Ausnutzung der, dass bei April 1 Es tritt die M\u00f6glichkeit der Verwendung dieser Formel, so dass die B\u00fcrger die Einf\u00fchrung der Europ\u00e4ischen Gesetzgebung in bestimmten Angelegenheiten verlangen, wenn sie die Unterst\u00fctzung von mehr als 1 Million haben Unterschriften von mindestens sieben L\u00e4nder in der EU.<\/p>\n<p>Casini hat erkl\u00e4rt, dass dies eine &#8220;Volksinitiative&#8221;, die nicht von Abgeordneten und f\u00fcr die Schaffung eines Organisationskomitees f\u00fcr die Sammlung der ben\u00f6tigten Unterschriften gef\u00fchrt werden. Auch, hat erkl\u00e4rt, dass der Titel der Initiative werden &#39; einer US &#39;, das entspricht &#8220;des Titels des Berichts des Ausschusses f\u00fcr nationale Bioethik (Italienisch) \u00fcber den Status des menschlichen Embryos&#8221;.<\/p>\n<p>&#8220;Versucht im Wesentlichen diese Initiative, europ\u00e4ischen Institutionen das Recht auf Leben und Achtung der Menschenw\u00fcrde zu interpretieren, die in den Vertr\u00e4gen von der Empf\u00e4ngnis und, folglich in der Verwendung der Mittel, die verf\u00fcgbar sind auf dem Gebiet der Gesundheit, im Bereich der Hilfe f\u00fcr die Entwicklung oder die wissenschaftliche Forschung nicht die Zerst\u00f6rung des ungeborenen Menschen zu dienen&#8221;, abgeschlossen wurde.<\/p>\n","protected":false},"excerpt":{"rendered":"<p>MADRID, 30 ( EUROPA PRESS) Der Vizepr\u00e4sident der Europ\u00e4ischen popul\u00e4re Gruppe ( PPE) und MEP Jaime Mayor Oreja, hat am Donnerstag betonte die Bedeutung der Verteidigung das Recht auf Leben des ungeborenen &#8220;von der dominierenden Mode in Europa&#8221; und bittet die Organisationen &#39; pro-Life &#39; Wer ist nicht besch\u00e4mt, &#8220;einen Wert von vielen tausend Europ\u00e4er [&hellip;]<\/p>\n","protected":false},"author":1,"featured_media":0,"comment_status":"close","ping_status":"open","sticky":false,"template":"","format":"standard","meta":{"footnotes":""},"categories":[3],"tags":[46301,46302],"class_list":["post-36338","post","type-post","status-publish","format-standard","hentry","category-allgemeine","tag-importiert","tag-rechtes","et-doesnt-have-format-content","et_post_format-et-post-format-standard"],"_links":{"self":[{"href":"https:\/\/www.best-dentist-dentistry.com\/de\/wp-json\/wp\/v2\/posts\/36338","targetHints":{"allow":["GET"]}}],"collection":[{"href":"https:\/\/www.best-dentist-dentistry.com\/de\/wp-json\/wp\/v2\/posts"}],"about":[{"href":"https:\/\/www.best-dentist-dentistry.com\/de\/wp-json\/wp\/v2\/types\/post"}],"author":[{"embeddable":true,"href":"https:\/\/www.best-dentist-dentistry.com\/de\/wp-json\/wp\/v2\/users\/1"}],"replies":[{"embeddable":true,"href":"https:\/\/www.best-dentist-dentistry.com\/de\/wp-json\/wp\/v2\/comments?post=36338"}],"version-history":[{"count":0,"href":"https:\/\/www.best-dentist-dentistry.com\/de\/wp-json\/wp\/v2\/posts\/36338\/revisions"}],"wp:attachment":[{"href":"https:\/\/www.best-dentist-dentistry.com\/de\/wp-json\/wp\/v2\/media?parent=36338"}],"wp:term":[{"taxonomy":"category","embeddable":true,"href":"https:\/\/www.best-dentist-dentistry.com\/de\/wp-json\/wp\/v2\/categories?post=36338"},{"taxonomy":"post_tag","embeddable":true,"href":"https:\/\/www.best-dentist-dentistry.com\/de\/wp-json\/wp\/v2\/tags?post=36338"}],"curies":[{"name":"wp","href":"https:\/\/api.w.org\/{rel}","templated":true}]}}