{"id":36432,"date":"2013-03-30T02:43:53","date_gmt":"2013-03-30T02:43:53","guid":{"rendered":null},"modified":"-0001-11-30T00:00:00","modified_gmt":"-0001-11-30T00:00:00","slug":"morales-back-up-and-suspends-increasing-workday-of-health-sector","status":"publish","type":"post","link":"https:\/\/www.best-dentist-dentistry.com\/de\/morales-back-up-and-suspends-increasing-workday-of-health-sector\/36432","title":{"rendered":"morales back up and suspends increasing workday of health sector"},"content":{"rendered":"<p class=\"first\"> Frieden, 4. Mai (<span class=\"yshortcuts\" id=\"lw_1336178655_1\"> EFE<\/span>).-dem bolivianischen Pr\u00e4sidenten <span class=\"yshortcuts\" id=\"lw_1336178655_0\"> Evo Morales<\/span>, fiel heute in ihrer Entscheidung, sechs bis acht Stunden zu erh\u00f6hen die <span class=\"yshortcuts\" id=\"lw_1336178655_2\"> Arbeitszeiten<\/span> der \u00c4rzte und Mitarbeiter des staatlichen Krankenh\u00e4usern, durch Proteste der Branche vor sechs Wochen belagert.<\/p>\n<p>In einer Erkl\u00e4rung, ohne dass Fragen aus der Presse und am Ende eines Tages der Proteste, der Gouverneur angek\u00fcndigt, dass &#8220;zur Aussetzung der Anwendungdes&#8221; des Dekrets, das erh\u00f6ht die zwei-Stunden-Arbeitstag der Sektoren in Konflikt und genannt f\u00fcr Juli ein &#8220;Gipfeltreffen&#8221; um eine solche Ma\u00dfnahme erneut zu diskutieren.<\/p>\n<p>&#8220;Wird dieser Gipfel nicht nur sein zu diskutieren, wenn sie sind acht Stunden Arbeit (&#8230;) Das ist auch v\u00f6llig \u00e4ndern Sie Gesundheit in Bolivien, &#8220;sagte Morales.<\/p>\n<p>\u00c4rzte und medizinische Fachkr\u00e4fte sind arbeitslos seit 28. M\u00e4rz bildeten mehrere Hungerstreik Streikposten und t\u00e4glich Demonstrationen und Blockaden im ganzen Land das Dekret ablehnen, das Ihren Arbeitstag erh\u00f6ht durchgef\u00fchrt. EFE<\/p>\n","protected":false},"excerpt":{"rendered":"<p>Frieden, 4. Mai ( EFE).-dem bolivianischen Pr\u00e4sidenten Evo Morales, fiel heute in ihrer Entscheidung, sechs bis acht Stunden zu erh\u00f6hen die Arbeitszeiten der \u00c4rzte und Mitarbeiter des staatlichen Krankenh\u00e4usern, durch Proteste der Branche vor sechs Wochen belagert. In einer Erkl\u00e4rung, ohne dass Fragen aus der Presse und am Ende eines Tages der Proteste, der Gouverneur [&hellip;]<\/p>\n","protected":false},"author":1,"featured_media":0,"comment_status":"close","ping_status":"open","sticky":false,"template":"","format":"standard","meta":{"footnotes":""},"categories":[3],"tags":[],"class_list":["post-36432","post","type-post","status-publish","format-standard","hentry","category-allgemeine","et-doesnt-have-format-content","et_post_format-et-post-format-standard"],"_links":{"self":[{"href":"https:\/\/www.best-dentist-dentistry.com\/de\/wp-json\/wp\/v2\/posts\/36432","targetHints":{"allow":["GET"]}}],"collection":[{"href":"https:\/\/www.best-dentist-dentistry.com\/de\/wp-json\/wp\/v2\/posts"}],"about":[{"href":"https:\/\/www.best-dentist-dentistry.com\/de\/wp-json\/wp\/v2\/types\/post"}],"author":[{"embeddable":true,"href":"https:\/\/www.best-dentist-dentistry.com\/de\/wp-json\/wp\/v2\/users\/1"}],"replies":[{"embeddable":true,"href":"https:\/\/www.best-dentist-dentistry.com\/de\/wp-json\/wp\/v2\/comments?post=36432"}],"version-history":[{"count":0,"href":"https:\/\/www.best-dentist-dentistry.com\/de\/wp-json\/wp\/v2\/posts\/36432\/revisions"}],"wp:attachment":[{"href":"https:\/\/www.best-dentist-dentistry.com\/de\/wp-json\/wp\/v2\/media?parent=36432"}],"wp:term":[{"taxonomy":"category","embeddable":true,"href":"https:\/\/www.best-dentist-dentistry.com\/de\/wp-json\/wp\/v2\/categories?post=36432"},{"taxonomy":"post_tag","embeddable":true,"href":"https:\/\/www.best-dentist-dentistry.com\/de\/wp-json\/wp\/v2\/tags?post=36432"}],"curies":[{"name":"wp","href":"https:\/\/api.w.org\/{rel}","templated":true}]}}