{"id":36513,"date":"2013-04-06T02:27:32","date_gmt":"2013-04-06T02:27:32","guid":{"rendered":null},"modified":"-0001-11-30T00:00:00","modified_gmt":"-0001-11-30T00:00:00","slug":"the-rio-20-discusses-three-complementary-reform-options-of-unep","status":"publish","type":"post","link":"https:\/\/www.best-dentist-dentistry.com\/de\/the-rio-20-discusses-three-complementary-reform-options-of-unep\/36513","title":{"rendered":"Der Rio + 20 beschreibt drei erg\u00e4nzende Reformoptionen der UNEP"},"content":{"rendered":"<p class=\"first\"> Rio De Janeiro, 3 Apr (EFE).-die UN-Konferenz \u00fcber nachhaltige Entwicklung, Rio + 20, die in Rio De Janeiro kommenden Juni stattfinden wird, werden drei Optionen zur Schaffung eines \u00f6kologischen Welt erg\u00e4nzend die wahrscheinlich Reform der UNEP diskutieren.<\/p>\n<p>Verhandlungen Chef von Brasilien, Luiz Alberto Figueiredo, sagte heute auf einer Pressekonferenz, dass &#8220;es ein Konsens besteht&#8221; von der Notwendigkeit, &#8220;das UN-Programm f\u00fcr die Umwelt (UNEP) Zuweisen von ein festes Budget zu st\u00e4rken&#8221;, r\u00f6mische mit exekutiven Funktionen und die Anzahl der Mitglieder zu erweitern.<\/p>\n<p>Figueiredo erkl\u00e4rte, dass einige L\u00e4nder wollen zum Konvertieren von UNEP in einer Agentur der Vereinten Nationen, w\u00e4hrend andere, wie es der Fall von Brasilien ist, will Sie nicht so &#8220;erstellen Sie eine neue B\u00fcrokratie&#8221;.<\/p>\n<p>&#8220;Wir wollen eine verst\u00e4rkte UNEP real, angemessene Mittel zur Aus\u00fcbung seiner Funktionen, \u00fcber die als Partner der L\u00e4nder, die als Vermittler f\u00fcr die Umsetzung der staatlichen Politik im Bereich Umweltschutzes und als Motor f\u00fcr die Ausbildung in diesem Bereich dienen zu geben&#8221;, sagte Figueiredo.<\/p>\n<p>Parallel zur Reform der UNEP, sind drei Optionen behandelt, um eine Agentur im Bereich der Vereinten Nationen zu erstellen, die f\u00fcr die Erarbeitung der Leitlinien der Politik zur Erreichung der Ziele der nachhaltigen Entwicklung, nach den brasilianischen Diplomaten zust\u00e4ndig w\u00e4re.<\/p>\n<p>Die erste Option studierte, der Vorstand der nachhaltigen Entwicklung von der UN Kommission, die &#8220;Betrag Kategorie&#8221; an diese Stelle bedeuten w\u00fcrde, zu \u00e4ndern ist.<\/p>\n<p>Der zweite Vorschlag Gefechtsfeldwaffen hinzuf\u00fcgen &#8220;Umwelt&#8221; Funktionen des Wirtschafts- und Sozialrats der Vereinten Nationen (ECOSOC) und der dritte, erstellen Sie ein Forum-Minister f\u00fcr nachhaltige Entwicklung innerhalb der Vereinten Nationen.<\/p>\n<p>Nach der brasilianischen Beamten der Rio + 20 haben keine M\u00f6glichkeit, Verpflichtungen gegen\u00fcber L\u00e4ndern herzustellen &#8220;soll nicht gesetzgeberisch t\u00e4tig&#8221;, und werden als Ziele, konkrete Ziele f\u00fcr die vollst\u00e4ndige Umsetzung der Grunds\u00e4tze der &#8220;gr\u00fcnen Wirtschaft&#8221; und der nachhaltigen Entwicklung beitragen zu entwickeln markiert.<\/p>\n<p>Brasilien zielt darauf ab, alle L\u00e4nder, &#8220;nicht nur die Schwellenl\u00e4nder&#8221;, nachhaltige Entwicklung und Armut-Beseitigung-Ziele anzunehmen.<\/p>\n<p>Figueiredo, allerdings r\u00e4umte ein, dass einige L\u00e4nder &#8220;Angst&#8221;, dass die Annahme von konkreten Ziele im Bereich der gr\u00fcnen Wirtschaft als Vorwand &#8220;f\u00fcr internationale Handelshemmnisse schaffen&#8221; gegen diejenigen verwendet werden kann, wer nicht implementieren zur\u00fcck.<\/p>\n<p>Die Organisatoren von der Rio + 20 erwarten die Teilnahme von hundert Staatsoberh\u00e4upter und Regierung in diesem Fall, die in Rio De Janeiro zwanzig Jahre nach dem Erdgipfel stattfinden wird, statt in der gleichen Stadt 1992, die die Grundlagen der nachhaltigen Entwicklung zeitgen\u00f6ssischer.<\/p>\n<p>Der Vorgesetzte Verhandlungsf\u00fchrer f\u00fcr Brasilien, Luiz Alberto Figueiredo, <\/p>\n<p>gesagt: &#8220;Es besteht ein Konsens&#8221; die Notwendigkeit &#8220;Verst\u00e4rken das Umweltprogramm der Vereinten Nationen zu ein festes Budget zuweisen&#8221;, r\u00f6mische mit exekutiven Funktionen und die Anzahl der Mitglieder zu erweitern. WireImage \/<\/p>\n","protected":false},"excerpt":{"rendered":"<p>Rio De Janeiro, 3 Apr (EFE).-die UN-Konferenz \u00fcber nachhaltige Entwicklung, Rio + 20, die in Rio De Janeiro kommenden Juni stattfinden wird, werden drei Optionen zur Schaffung eines \u00f6kologischen Welt erg\u00e4nzend die wahrscheinlich Reform der UNEP diskutieren. Verhandlungen Chef von Brasilien, Luiz Alberto Figueiredo, sagte heute auf einer Pressekonferenz, dass &#8220;es ein Konsens besteht&#8221; von [&hellip;]<\/p>\n","protected":false},"author":1,"featured_media":0,"comment_status":"close","ping_status":"open","sticky":false,"template":"","format":"standard","meta":{"footnotes":""},"categories":[3],"tags":[],"class_list":["post-36513","post","type-post","status-publish","format-standard","hentry","category-allgemeine","et-doesnt-have-format-content","et_post_format-et-post-format-standard"],"_links":{"self":[{"href":"https:\/\/www.best-dentist-dentistry.com\/de\/wp-json\/wp\/v2\/posts\/36513","targetHints":{"allow":["GET"]}}],"collection":[{"href":"https:\/\/www.best-dentist-dentistry.com\/de\/wp-json\/wp\/v2\/posts"}],"about":[{"href":"https:\/\/www.best-dentist-dentistry.com\/de\/wp-json\/wp\/v2\/types\/post"}],"author":[{"embeddable":true,"href":"https:\/\/www.best-dentist-dentistry.com\/de\/wp-json\/wp\/v2\/users\/1"}],"replies":[{"embeddable":true,"href":"https:\/\/www.best-dentist-dentistry.com\/de\/wp-json\/wp\/v2\/comments?post=36513"}],"version-history":[{"count":0,"href":"https:\/\/www.best-dentist-dentistry.com\/de\/wp-json\/wp\/v2\/posts\/36513\/revisions"}],"wp:attachment":[{"href":"https:\/\/www.best-dentist-dentistry.com\/de\/wp-json\/wp\/v2\/media?parent=36513"}],"wp:term":[{"taxonomy":"category","embeddable":true,"href":"https:\/\/www.best-dentist-dentistry.com\/de\/wp-json\/wp\/v2\/categories?post=36513"},{"taxonomy":"post_tag","embeddable":true,"href":"https:\/\/www.best-dentist-dentistry.com\/de\/wp-json\/wp\/v2\/tags?post=36513"}],"curies":[{"name":"wp","href":"https:\/\/api.w.org\/{rel}","templated":true}]}}