{"id":36545,"date":"2013-04-06T02:31:05","date_gmt":"2013-04-06T02:31:05","guid":{"rendered":null},"modified":"-0001-11-30T00:00:00","modified_gmt":"-0001-11-30T00:00:00","slug":"black-cherry-defend-in-catalonia-the-reform-package-that-rajoy-for-conviction","status":"publish","type":"post","link":"https:\/\/www.best-dentist-dentistry.com\/de\/black-cherry-defend-in-catalonia-the-reform-package-that-rajoy-for-conviction\/36545","title":{"rendered":"Vogelkirsche verteidigen in Katalonien dem Reformpaket, dass Rajoy &#8220;Verurteilung&#8221;"},"content":{"rendered":"<p class=\"first\"> er gesteht, dass vor <span class=\"yshortcuts\" id=\"lw_1334160947_0\"> ein paar Monaten<\/span> weniger pessimistisch und prognostiziert Wachstum positiv im Jahr 2013<\/p>\n<p><span class=\"yshortcuts\" id=\"lw_1334160947_1\"> BARCELONA<\/span>, 11 (<span class=\"yshortcuts\" id=\"lw_1334160947_2\"> EUROPA PRESS<\/span>)<\/p>\n<p>Der <span class=\"yshortcuts\" id=\"lw_1334160947_3\"> Minister f\u00fcr Wirtschaft<\/span> und die Wettbewerbsf\u00e4higkeit, Luis De Guindos Mittwoch verteidigt das Reformpaket, das die Regierung durchgef\u00fchrt hat und hat daf\u00fcr gesorgt, dass die Reformen und den Haushalt gemacht hat &#8220;aus eigenen \u00dcberzeugung und nicht durch Druck der M\u00e4rkte oder da es erhoben wird, von au\u00dferhalb&#8221;.<\/p>\n<p>In einer Sitzung auf der Arbeit-Building, De Guindos bekr\u00e4ftigt, dass Spanien eine Reform der medizinischen Versorgung braucht und Bildung auf ihre Nachhaltigkeit auf lange Sicht zu gew\u00e4hrleisten, so dass es den Schnitt von 10000 Millionen Euro verteidigt hat die Regierung am Montag in einer Pressemitteilung k\u00fcndigte.<\/p>\n<p>Hat daf\u00fcr gesorgt, dass alle Reformen, einschlie\u00dflich der Gesundheits- und Bildungswesen, sind Teil einer Roadmap der Exekutive und &#8220;\u00fcberhaupt nicht, durch Auferlegung&#8221; zu tun, aber er zugegeben hat, dass &#8220;Sie Mitteilung vers\u00e4umt haben k\u00f6nnen&#8221;.<\/p>\n<p>Nach De Guindos, die einzige alternative zu garantieren eine universelle Qualit\u00e4t und nachhaltige \u00f6ffentliche Gesundheit ist, &#8220;den Prozess der Rationalisierung zu f\u00f6rdern&#8221;, weil wenn nicht, er sagte: es eine unhaltbare System ist.<\/p>\n<p>&#8220;Was wir bisher hatten war ein sehr schwierig, in Zukunft pflegen. Will man qualitativ hochwertige \u00f6ffentliche Dienste, muss Reformen machen &#8220;hinzugef\u00fcgt.<\/p>\n<p>&#8220;Die Hauptfeinde der \u00f6ffentlichen System von Dienstleistungen sind die Reform, die sich&#8221; beigelegt hat.<\/p>\n<p>Verteidigung der Arbeitsreform<\/p>\n<p>Der Besitzer der Wirtschaft hat auch die Arbeitsreform verteidigt und ermutigte Unternehmer verwenden Sie es um die Schaffung von Arbeitspl\u00e4tzen, da festgestellt wurde, dass der Staat kann do.<\/p>\n<p>&#8220;Haben nie, in den letzten Jahrzehnten so viele M\u00f6glichkeiten zur Schaffung von Arbeitspl\u00e4tzen gegeben. Sie haben nutzen sie und verwenden sie&#8221;, sagte vor Hunderte von Pers\u00f6nlichkeiten des Gesch\u00e4ftsbereichs katalanischen.<\/p>\n<p>Unter den Anwesenden die Mittagspause waren der Pr\u00e4sident F\u00f6rderung von Arbeit, Montella Joaquim Gay, Generaldirektor von La Caixa, Juan Mar\u00eda Nin, Pr\u00e4sident Abertis, Salvador Alemany; der Pr\u00e4sident von der B\u00f6rse Barcelona, Joan Hortal\u00e0 und der Pr\u00e4sident von der spanischen Association des Directors (AED), Ramon Adell.<\/p>\n<p>Auch von politischen Pers\u00f6nlichkeiten besucht, als der Minister f\u00fcr Wirtschaft und wissen, Andreu Mas-Colell; der Pr\u00e4sident der katalanischen Sprache, Alicia Sanchez-Camacho, PP und die spezielle Delegierter des Staates in das Consorcio De La Zona Franca, Jordi Cornet.<\/p>\n<p>Weniger PESSIMISTISCH<\/p>\n<p>De Guindos sagte, die Regierung hat negatives Wachstum von 1,7 % des BIP f\u00fcr dieses Jahr prognostiziert, aber hat ein paar Monate mehr optimistisch gezeigt vor.<\/p>\n<p>&#8220;Vor ein paar Monaten, wir hoffen, dass im erste Quartal dieses Jahres eher negativ h\u00e4tte, aber der Eindruck, wir jetzt haben nicht, damit. Weiterhin kein Zweifel Zerst\u00f6rung der Besch\u00e4ftigung, aber es wird nicht die intensive Beschleunigung, wir seit Mitte letzten Jahres Leben, folgen &#8220;argumentiert.<\/p>\n<p>Wurde gefunden, dass es f\u00e4ngt an eine Stabilisierung der Verschlechterungen in Spanien, zu sehen, die im kommenden Jahr-Register &#8220;etwas positives Wachstum&#8221; gestatten.<\/p>\n<p>&#8220;Reformen, eher fr\u00fcher als sp\u00e4ter, seine Wirkung machen. Ich bin \u00fcberzeugt, dass die Sonne &#8220;, abgeschlossen wurde.<\/p>\n","protected":false},"excerpt":{"rendered":"<p>er gesteht, dass vor ein paar Monaten weniger pessimistisch und prognostiziert Wachstum positiv im Jahr 2013 BARCELONA, 11 ( EUROPA PRESS) Der Minister f\u00fcr Wirtschaft und die Wettbewerbsf\u00e4higkeit, Luis De Guindos Mittwoch verteidigt das Reformpaket, das die Regierung durchgef\u00fchrt hat und hat daf\u00fcr gesorgt, dass die Reformen und den Haushalt gemacht hat &#8220;aus eigenen \u00dcberzeugung [&hellip;]<\/p>\n","protected":false},"author":1,"featured_media":0,"comment_status":"close","ping_status":"open","sticky":false,"template":"","format":"standard","meta":{"footnotes":""},"categories":[3],"tags":[46447],"class_list":["post-36545","post","type-post","status-publish","format-standard","hentry","category-allgemeine","tag-vogelkirsche","et-doesnt-have-format-content","et_post_format-et-post-format-standard"],"_links":{"self":[{"href":"https:\/\/www.best-dentist-dentistry.com\/de\/wp-json\/wp\/v2\/posts\/36545","targetHints":{"allow":["GET"]}}],"collection":[{"href":"https:\/\/www.best-dentist-dentistry.com\/de\/wp-json\/wp\/v2\/posts"}],"about":[{"href":"https:\/\/www.best-dentist-dentistry.com\/de\/wp-json\/wp\/v2\/types\/post"}],"author":[{"embeddable":true,"href":"https:\/\/www.best-dentist-dentistry.com\/de\/wp-json\/wp\/v2\/users\/1"}],"replies":[{"embeddable":true,"href":"https:\/\/www.best-dentist-dentistry.com\/de\/wp-json\/wp\/v2\/comments?post=36545"}],"version-history":[{"count":0,"href":"https:\/\/www.best-dentist-dentistry.com\/de\/wp-json\/wp\/v2\/posts\/36545\/revisions"}],"wp:attachment":[{"href":"https:\/\/www.best-dentist-dentistry.com\/de\/wp-json\/wp\/v2\/media?parent=36545"}],"wp:term":[{"taxonomy":"category","embeddable":true,"href":"https:\/\/www.best-dentist-dentistry.com\/de\/wp-json\/wp\/v2\/categories?post=36545"},{"taxonomy":"post_tag","embeddable":true,"href":"https:\/\/www.best-dentist-dentistry.com\/de\/wp-json\/wp\/v2\/tags?post=36545"}],"curies":[{"name":"wp","href":"https:\/\/api.w.org\/{rel}","templated":true}]}}