{"id":3662,"date":"2012-02-21T18:00:33","date_gmt":"2012-02-21T18:00:33","guid":{"rendered":null},"modified":"-0001-11-30T00:00:00","modified_gmt":"-0001-11-30T00:00:00","slug":"edition-i-of-the-viamed-health-classroom-and-ibercaja-in-huesca","status":"publish","type":"post","link":"https:\/\/www.best-dentist-dentistry.com\/de\/edition-i-of-the-viamed-health-classroom-and-ibercaja-in-huesca\/3662","title":{"rendered":"Ausgabe von der Verlagsgruppe Gesundheit Klassenzimmer und Ibercaja in Huesca."},"content":{"rendered":"<p><strong>Edition von der Verlagsgruppe Gesundheit Klassenzimmer und Ibercaja in Huesca.<\/strong><\/p>\n<p> <font size=\"2\">-Krankenhaus Verlagsgruppe Santiago de Huesca und die soziale Arbeit Ibercaja erstellen diese Initiative, die enth\u00e4lt eine Reihe von drei Konferenzen <\/p>\n<p>-Informationen ist unter dem Motto Gesundheit, das wichtigste Ziel dieser Gespr\u00e4che ist die F\u00f6rderung der Pr\u00e4vention im Gesundheitswesen und Information der \u00d6ffentlichkeit \u00fcber die neuesten Entwicklungen in verschiedenen Bereichen der Medizin <\/p>\n<p>-die erste Konferenz heute, hand in hand mit Javier Alfaro, erkannte Podoactiva Fu\u00dfpflegerin und Mitarbeiter von Krankenh\u00e4usern in Arag\u00f3n und La Rioja Verlagsgruppe <\/p>\n<p>-am Ende jeder Konferenz \u00f6ffnet eine Symposium, wo Teilnehmer ihre Konsultationen an jeden Presenter erh\u00f6hen k\u00f6nnen. Der Eintritt ist frei <\/p>\n<p> <strong>Huesca, Februar 2012.-<\/strong> der Krankenhaus Verlagsgruppe Santiago de Huesca und der Sozialarbeit Ibercaja haben die ich Edition des Klassenzimmers Gesundheit, eine Initiative mit dem Ziel beide Einrichtungen zur F\u00f6rderung der Pr\u00e4vention und Gesundheitspflege unter der B\u00fcrgerschaft, aus der Leitung und die nahe gelegenen Informationen gestartet. <\/p>\n<p>Zu diesem Zweck eine Reihe von drei Konferenzen, die Spezialisten von lehrte erkannt Exclusive in Aragonien und nachweisliche Erfahrung auf die neuesten Fortschritte in verschiedenen Bereichen der Medizin wurden organisiert. Laut Lu\u00eds G\u00f3mez, Gesch\u00e4ftsf\u00fchrer der Verlagsgruppe Krankenhaus in Aragonien,  Gespr\u00e4che wurden artikuliert in einem Ton nah und verst\u00e4ndlich, wo \u00c4rzte bieten Informationen und Richtlinien f\u00fcr abhelfen fort wie zu verhindern, fr\u00fch erkennen und behandeln richtig bestimmte Krankheiten, die heute die Lebensqualit\u00e4t der Bev\u00f6lkerung zu begrenzen und bilden in einigen F\u00e4llen Gesundheitsgefahren die wichtigsten in den entwickelten Gesellschaften &#8221;. <\/p>\n<p>Am Ende der Konferenz, mit freiem Eintritt wird eine Diskussion unter den Teilnehmern, die Berichterstatter ge\u00f6ffnet. <\/p>\n<p>Gesundheit Klassenzimmer startet heute, Dienstag, 21. Februar, mit der ersten Konferenz auf &#8221; Biomechanik des Fu\u00dfes, die Bedeutung der Ausbau auf gut &#8221;, Javier Alfaro, renommierten Podologe Podoactiva und Mitarbeiter der Krankenh\u00e4user Verlagsgruppe in Arag\u00f3n und La Rioja. Dr. Fernando Sarasa, Fu\u00dfball und Handball Huesca Huesca Club Arzt auch als Berichterstatter sprechen. Diese Experten erkl\u00e4ren die h\u00e4ufigsten Pathologien, die Auswirkungen auf unsere F\u00fc\u00dfe, sowohl im Alltag als auch im Sport und die Bedeutung der Untersuchung und Behandlung der F\u00fc\u00dfe, grundlegende in der Elite und Amateur-Sportler. <\/p>\n<p>Die folgenden Konferenzen werden am 20. M\u00e4rz mit dem Team der Traumatologie des Krankenhauses Verlagsgruppe Santiago, die versuchen die Wachstumsfaktoren am 17. April auf Augenheilkunde, Blindheit in den Erwachsenen, und wo Muster Hilfe zur Vorbeugung und Behandlung bestimmter Krankheiten angeboten werden. <\/p>\n<p><strong>21. Februar, erste Konferenz<\/strong> <\/p>\n<p>Javier Alfaro Podologe sagt, dass  F\u00fc\u00dfe unterst\u00fctzen uns, fast die ganze Zeit arbeiten, aber trotzdem bleiben in der Regel vergessen und in der Regel nur Aufmerksamkeit sie, wenn sie beginnen zu scheitern oder Unbehagen, fast nie zu produzieren &#8221;. <\/p>\n<p>In diesem Sinne erkl\u00e4rt, dass  K\u00f6rper ist eine perfekte Balance und alles bricht, dass Gleichgewicht der Bedingung wird die Mechanik des K\u00f6rpers: H\u00fcfte, der Wirbels\u00e4ule, Knie &#8230; Warum schuf er Jahre vor die Einheit f\u00fcr Angewandte Biomechanik, ein ehrgeiziges Projekt f\u00fcr die Studie der Ungleichgewichte des Marsches und die Sport-Geste, in denen kommen zusammen ein interdisziplin\u00e4res Team von Orthop\u00e4den, Ingenieure, Physiotherapeuten, \u00c4rzte und Absolventen in Technik und k\u00f6rperliche Aktivit\u00e4t und Sport, und eine technologische Ausr\u00fcstung der letzten Generation &#8221;. <\/p>\n<p>Nach fast 20 Jahren forscht auf dem Gebiet der Podologie und Biomechanik, die mit einer kleinen Abfrage in Huesca begann, seine Reichweite auf verschiedene Kopfzeilen in der Region Alto Aragon erweitert und nun seine Dimension umfasst ein umfangreiches nationales Netzwerk von Zentren f\u00fcr erweiterte Podologie Pflege f\u00fcr mehr als 20.000 Patienten pro Jahr. <\/p>\n<p>Alfaro arbeitet an den meisten Tagen am Sitz der Podoactiva, in der technologischen Walqa Park (Huesca) wo die Abteilung Technologie, damit Sie Sport Gesten genauer studieren, Protokolle zu verbessern und neue Projekte entwickeln verschiedene Sportarten wie Fu\u00dfball, verwandt SkifahrenGolf und Basketball. <\/p>\n<p>Klassenzimmer Gesundheit 2012 Kalender <\/p>\n<p> Krankenhaus Verlagsgruppe Santiago &#8211; Ibercaja <\/p>\n<p> Ort: Centre Cultural Ibercaja C\/Herzogin Villahermosa, 1. Huesca <\/p>\n<p> Eintritt frei <\/p>\n<p> Datum: Dienstag, 21 20. Februar 00 h <br \/> Thema: Podologie. was Ihre F\u00fc\u00dfe nicht belasten Sie das Leben! Biomechanik der die Lauffl\u00e4che. Es bereitet Ihren F\u00fc\u00dfen f\u00fcr den Sport. <\/p>\n<p>Datum: Dienstag, 20 M\u00e4rz. 20, 00 h <br \/> Tema:traumatolog\u00eda.  Wachstumsfaktoren. Wenn der K\u00f6rper selbst heilen &#8221;. <\/p>\n<p>Datum: Dienstag 17. April. 20, 00 h <br \/> Thema: Augenheilkunde.  in Erwachsenen Erblindung verhindert werden k\u00f6nnen? kann es behandelt werden? <\/p>\n<p><\/font><\/p>\n","protected":false},"excerpt":{"rendered":"<p>Edition von der Verlagsgruppe Gesundheit Klassenzimmer und Ibercaja in Huesca. -Krankenhaus Verlagsgruppe Santiago de Huesca und die soziale Arbeit Ibercaja erstellen diese Initiative, die enth\u00e4lt eine Reihe von drei Konferenzen -Informationen ist unter dem Motto Gesundheit, das wichtigste Ziel dieser Gespr\u00e4che ist die F\u00f6rderung der Pr\u00e4vention im Gesundheitswesen und Information der \u00d6ffentlichkeit \u00fcber die neuesten [&hellip;]<\/p>\n","protected":false},"author":1,"featured_media":0,"comment_status":"close","ping_status":"open","sticky":false,"template":"","format":"standard","meta":{"footnotes":""},"categories":[3],"tags":[12031,12030,12029],"class_list":["post-3662","post","type-post","status-publish","format-standard","hentry","category-allgemeine","tag-huesca","tag-ibercaja","tag-vertrieb","et-doesnt-have-format-content","et_post_format-et-post-format-standard"],"_links":{"self":[{"href":"https:\/\/www.best-dentist-dentistry.com\/de\/wp-json\/wp\/v2\/posts\/3662","targetHints":{"allow":["GET"]}}],"collection":[{"href":"https:\/\/www.best-dentist-dentistry.com\/de\/wp-json\/wp\/v2\/posts"}],"about":[{"href":"https:\/\/www.best-dentist-dentistry.com\/de\/wp-json\/wp\/v2\/types\/post"}],"author":[{"embeddable":true,"href":"https:\/\/www.best-dentist-dentistry.com\/de\/wp-json\/wp\/v2\/users\/1"}],"replies":[{"embeddable":true,"href":"https:\/\/www.best-dentist-dentistry.com\/de\/wp-json\/wp\/v2\/comments?post=3662"}],"version-history":[{"count":0,"href":"https:\/\/www.best-dentist-dentistry.com\/de\/wp-json\/wp\/v2\/posts\/3662\/revisions"}],"wp:attachment":[{"href":"https:\/\/www.best-dentist-dentistry.com\/de\/wp-json\/wp\/v2\/media?parent=3662"}],"wp:term":[{"taxonomy":"category","embeddable":true,"href":"https:\/\/www.best-dentist-dentistry.com\/de\/wp-json\/wp\/v2\/categories?post=3662"},{"taxonomy":"post_tag","embeddable":true,"href":"https:\/\/www.best-dentist-dentistry.com\/de\/wp-json\/wp\/v2\/tags?post=3662"}],"curies":[{"name":"wp","href":"https:\/\/api.w.org\/{rel}","templated":true}]}}