{"id":36624,"date":"2013-04-06T02:39:38","date_gmt":"2013-04-06T02:39:38","guid":{"rendered":null},"modified":"-0001-11-30T00:00:00","modified_gmt":"-0001-11-30T00:00:00","slug":"the-medical-union-of-valencia-explores-a-possible-strike-in-public-health","status":"publish","type":"post","link":"https:\/\/www.best-dentist-dentistry.com\/de\/the-medical-union-of-valencia-explores-a-possible-strike-in-public-health\/36624","title":{"rendered":"the medical union of valencia explores a possible strike in public health"},"content":{"rendered":"<p class=\"first\"> VALENCIA, 28 (EUROPA PRESS)<\/p>\n<p>Die medizinische Vereinigung der Comunitat Valenciana (CESM-CV) gibt es ein Streik in der Gesundheit &#8220;in der Verteidigung der Rechte der \u00c4rzte, Arbeiter und B\u00fcrger f\u00fcr die allgemeine Gesundheit&#8221; f\u00fcr alle ver\u00f6ffentlicht. Auch Fragen anderer Gewerkschaften der Gesundheit eine \u00e4hnliche Ma\u00dfnahme.<\/p>\n<p>CESM-CV, wie er in einer Pressemitteilung. ausstehende &#8220;Leugnung&#8221; des Ministeriums f\u00fcr Gesundheit \u00fcber die Aktionen des Rates und deren Vizepr\u00e4sident, Jos\u00e9 C\u00edscar, &#8220;verschiedene Entscheidungen&#8221; angedeutet hat.<\/p>\n<p>Medizinische Union beigetreten die Demonstrationen in der Verteidigung des Staates Wohlfahrts-und \u00f6ffentliche Dienste an diesem Sonntag stattfinden und appellierte an alle \u00c4rzte, so dass, die auch beitreten.<\/p>\n<p>&#8220;Nach den j\u00fcngsten Anschl\u00e4gen auf des \u00f6ffentlichen Gesundheitswesens (SNS), die Rechte der B\u00fcrger und der Angeh\u00f6rigen der Gesundheitsberufe&#8221;, CESM-CV h\u00e4lt &#8220;\u00e4therische an alle Gesundheitswesen Gewerkschaften sind um zu verhindern, den Abbau der Gesundheit vereint ver\u00f6ffentlicht&#8221;. &#8220;Die nationalen Dekret und die Beschl\u00fcsse des Rates in der gestrigen machen eine drastische Reaktion, betonte unverzichtbar.<\/p>\n<p>&#8220;<\/p>\n<p>Auch als Mitglied des Cemsatse, hat die Demonstration f\u00fcr Mai 10 in allen Krankenh\u00e4usern gegen die Ma\u00dfnahmen verbunden.<\/p>\n<p>&#8220;Zur\u00fcck zu vor Jahrzehnten&#8221;<\/p>\n<p>Als Mitglied der F\u00f6deration der Gewerkschaften der Bildung und Gesundheit (FSES) CESM-CV prangerte &#8220;die R\u00fcckkehr zur Situationen bereits vor Jahrzehnten \u00fcberwinden \u00fcber die Garantie der Grundrechte der B\u00fcrger&#8221;. Er kritisierte auch &#8220;absolute Verachtung von den Beh\u00f6rden mit der Arbeitsrechte der \u00c4rzte und Beamte im allgemeinen angezeigt wird&#8221;. <\/p>\n<p>Zeitpl\u00e4ne und Verg\u00fctungssysteme sind ver\u00e4ndert, abgeschafft Berufsgruppen von einem Tag zum anderen, all dies, ohne einen mit den Sozialpartnern Dialog Tarifverhandlungen &#8220;, lambasting.<\/p>\n<p>In dieser Zeile der syndizierten versteht, dass &#8220;es nicht zul\u00e4ssig, unser Land ist wieder das aktuelle Sozialmodell im ersten Drittel des letzten Jahrhunderts durch Unf\u00e4higkeit oder b\u00f6ser Absicht unsere Herrscher&#8221;.<\/p>\n<p>F\u00fcr diese Entit\u00e4t &#8220;zerst\u00f6ren unsere nationalen Gesundheitssystem wird nicht Ihre Finanzierung Probleme zu l\u00f6sen&#8221;. Zus\u00e4tzlich hinzugef\u00fcgt: &#8220;nicht ist imposant auf \u00c4rzte ein Fehlverhalten in der Verschreibung von Medikamenten und die Ablehnung des Gesundheitswesens f\u00fcr bestimmte Gruppen wie es geht, um seine Beteiligung mit jeder Art von Reform zu erhalten&#8221;.<\/p>\n<p>&#8220;Ist nicht verantwortlich f\u00fcr Gesundheitsberufe definieren Einwanderungspolitik oder, viel weniger, dass Unterlassung der Erleichterung einer Person Hilfe ben\u00f6tigt. Wir kann nicht sein, Geiseln oder Komplizen der erratischen Politik in diesem Bereich&#8221;, betonte.<\/p>\n<p>CESM-CV \u00e4u\u00dferte seine Verteidigung &#8220;rechts neben alle Spanier&#8221;, durch die blo\u00dfe Tatsache zu einer hochwertigen Gesundheitsversorgung finanziert den gesamten Budgets des Staates und ohne diskriminierende Standardisierung zu empfangen sein.<\/p>\n<p>In diesem Zusammenhang ist der Auffassung, dass zur pharmazeutischen Bereitstellung je nach Einkommen &#8220;generiert eine Verschlechterung im Gesundheitswesen als ein Recht der Staatsangeh\u00f6rigkeit, da das System durch progressive Besteuerung in der diese finanziert wird, die bereits mehr an diejenigen beteiligt, die mehr haben&#8221;.<\/p>\n<p>Gut, versteht, dass zum Zeitpunkt der Teilnahme, &#8220;gleicher wirtschaftlicher Zugang zu Dienstleistungen sollte herrschen, weil es ein Garant des sozialen Zusammenhalts ist: gibt es keine reichen oder Armen Zugang zu medizinischer Versorgung, aber frei und gleich B\u00fcrger&#8221;.  <\/p>\n<p>CESM-CV hat darauf bestanden, dass der Rat &#8220;ist einen schweren und irreversiblen Fehler machen, durch ihre Weigerung, eine L\u00f6sung auf das Dekret von K\u00fcrzungen, die alle Angestellte des \u00f6ffentlichen Dienstes auferlegt hat, und nun zus\u00e4tzlich &#8211; hinzugef\u00fcgt zu verhandeln &#8211; Gesundheit ohne die sektoralen Tabelle anonymisiert und Arbeitnehmer zu ignorieren&#8221;.<\/p>\n","protected":false},"excerpt":{"rendered":"<p>VALENCIA, 28 (EUROPA PRESS) Die medizinische Vereinigung der Comunitat Valenciana (CESM-CV) gibt es ein Streik in der Gesundheit &#8220;in der Verteidigung der Rechte der \u00c4rzte, Arbeiter und B\u00fcrger f\u00fcr die allgemeine Gesundheit&#8221; f\u00fcr alle ver\u00f6ffentlicht. Auch Fragen anderer Gewerkschaften der Gesundheit eine \u00e4hnliche Ma\u00dfnahme. CESM-CV, wie er in einer Pressemitteilung. ausstehende &#8220;Leugnung&#8221; des Ministeriums f\u00fcr [&hellip;]<\/p>\n","protected":false},"author":1,"featured_media":0,"comment_status":"close","ping_status":"open","sticky":false,"template":"","format":"standard","meta":{"footnotes":""},"categories":[3],"tags":[],"class_list":["post-36624","post","type-post","status-publish","format-standard","hentry","category-allgemeine","et-doesnt-have-format-content","et_post_format-et-post-format-standard"],"_links":{"self":[{"href":"https:\/\/www.best-dentist-dentistry.com\/de\/wp-json\/wp\/v2\/posts\/36624","targetHints":{"allow":["GET"]}}],"collection":[{"href":"https:\/\/www.best-dentist-dentistry.com\/de\/wp-json\/wp\/v2\/posts"}],"about":[{"href":"https:\/\/www.best-dentist-dentistry.com\/de\/wp-json\/wp\/v2\/types\/post"}],"author":[{"embeddable":true,"href":"https:\/\/www.best-dentist-dentistry.com\/de\/wp-json\/wp\/v2\/users\/1"}],"replies":[{"embeddable":true,"href":"https:\/\/www.best-dentist-dentistry.com\/de\/wp-json\/wp\/v2\/comments?post=36624"}],"version-history":[{"count":0,"href":"https:\/\/www.best-dentist-dentistry.com\/de\/wp-json\/wp\/v2\/posts\/36624\/revisions"}],"wp:attachment":[{"href":"https:\/\/www.best-dentist-dentistry.com\/de\/wp-json\/wp\/v2\/media?parent=36624"}],"wp:term":[{"taxonomy":"category","embeddable":true,"href":"https:\/\/www.best-dentist-dentistry.com\/de\/wp-json\/wp\/v2\/categories?post=36624"},{"taxonomy":"post_tag","embeddable":true,"href":"https:\/\/www.best-dentist-dentistry.com\/de\/wp-json\/wp\/v2\/tags?post=36624"}],"curies":[{"name":"wp","href":"https:\/\/api.w.org\/{rel}","templated":true}]}}