{"id":3663,"date":"2012-02-21T18:00:40","date_gmt":"2012-02-21T18:00:40","guid":{"rendered":null},"modified":"-0001-11-30T00:00:00","modified_gmt":"-0001-11-30T00:00:00","slug":"more-than-100-experts-in-mental-health-of-euskadi-and-navarre-have-met-last-thursday-in-bilbao-to-deal-with-violence-in-patients","status":"publish","type":"post","link":"https:\/\/www.best-dentist-dentistry.com\/de\/more-than-100-experts-in-mental-health-of-euskadi-and-navarre-have-met-last-thursday-in-bilbao-to-deal-with-violence-in-patients\/3663","title":{"rendered":"Mehr als 100 Experten f\u00fcr psychische Gesundheit der Baskenland und Navarra haben am vergangenen Donnerstag in Bilbao mit Gewalt bei Patienten getroffen."},"content":{"rendered":"<p><strong>Mehr als 100 Experten f\u00fcr psychische Gesundheit der Baskenland und Navarra haben am vergangenen Donnerstag trafen sich in Bilbao zu Gewalt bei Patienten behandeln. <\/p>\n<p><\/strong><font size=\"2\"> <strong>nach die j\u00fcngsten Angriffen in Bizkaia Darsteller verr\u00fcckt gegen\u00fcber Patienten, Fachleute und Zivilisten aufgenommen.<\/strong><\/p>\n<p>-das Treffen mit der Pr\u00e4senz von prominenten Experten in bioethische Aspekte und rechtliche der psychischen Osakidetza gez\u00e4hlt <\/p>\n<p>-der Pr\u00e4sident der baskische-Navarre Gesellschaft f\u00fcr Psychiatrie, Lu\u00eds Pacheco Ya\u00f1ez und der Pr\u00e4sident des regionalen Vereins f\u00fcr das Baskenland und Navarra von der spanischen Vereinigung der NeuropsychiatrieI\u00f1aki Markez Alonso, behandelt das Treffen <\/p>\n<p> <strong>Bilbao, Februar 2012.-<\/strong> mehr als hundert Experten f\u00fcr psychische Gesundheit der Baskenland und Navarra trafen sich am Nachmittag des vergangenen Donnerstag in Bilbao Gewalt in psychiatrischen Patienten zu diskutieren, bevor die j\u00fcngsten Angriffe eingetragen in Bizkaia Darsteller geistig krank in der Beteiligte Patienten warenProfis, und der Zivilgesellschaft. <\/p>\n<p>Insbesondere behandelt der Pr\u00e4sident der baskische-Navarre Gesellschaft f\u00fcr Psychiatrie, Lu\u00eds Pacheco Ya\u00f1ez und der Pr\u00e4sident des regionalen Vereins f\u00fcr das Baskenland und Navarra der Vereinigung Spanisch Neuropsychiatrie, I\u00f1aki Markez Alonso, das Treffen mit Fachleuten von Geisteskrankheit von AlavaBizkaia, Baskenland und Navarra, zu diskutieren und teilen Sie ihre Ansichten \u00fcber diese Art von Aggression. <\/p>\n<p>Gespr\u00e4che wurden von Psychiatern Juan Medrano Alb\u00e9niz und Fernando Santander Cartagena, beide Mitglieder des Netzes der psychischen Gesundheit in \u00c1lava (Osakidetza), Mitglieder der beiden Unternehmen durchgef\u00fchrt und anerkannte Experten in bioethische Aspekte und rechtliche der psychischen Gesundheit. <\/p>\n<p>Der Zweck der Debatte war, dass die Ansichten ihrer Kollegen arbeiten auf dem Gebiet der psychischen Gesundheit, die Profis kennen und wenn m\u00f6glich, eine Reihe von Schlussfolgerungen vorlegen. <\/p>\n<p><\/font><\/p>\n","protected":false},"excerpt":{"rendered":"<p>Mehr als 100 Experten f\u00fcr psychische Gesundheit der Baskenland und Navarra haben am vergangenen Donnerstag trafen sich in Bilbao zu Gewalt bei Patienten behandeln. nach die j\u00fcngsten Angriffen in Bizkaia Darsteller verr\u00fcckt gegen\u00fcber Patienten, Fachleute und Zivilisten aufgenommen. -das Treffen mit der Pr\u00e4senz von prominenten Experten in bioethische Aspekte und rechtliche der psychischen Osakidetza gez\u00e4hlt [&hellip;]<\/p>\n","protected":false},"author":1,"featured_media":0,"comment_status":"close","ping_status":"open","sticky":false,"template":"","format":"standard","meta":{"footnotes":""},"categories":[3],"tags":[12032,12031],"class_list":["post-3663","post","type-post","status-publish","format-standard","hentry","category-allgemeine","tag-getroffen","tag-huesca","et-doesnt-have-format-content","et_post_format-et-post-format-standard"],"_links":{"self":[{"href":"https:\/\/www.best-dentist-dentistry.com\/de\/wp-json\/wp\/v2\/posts\/3663","targetHints":{"allow":["GET"]}}],"collection":[{"href":"https:\/\/www.best-dentist-dentistry.com\/de\/wp-json\/wp\/v2\/posts"}],"about":[{"href":"https:\/\/www.best-dentist-dentistry.com\/de\/wp-json\/wp\/v2\/types\/post"}],"author":[{"embeddable":true,"href":"https:\/\/www.best-dentist-dentistry.com\/de\/wp-json\/wp\/v2\/users\/1"}],"replies":[{"embeddable":true,"href":"https:\/\/www.best-dentist-dentistry.com\/de\/wp-json\/wp\/v2\/comments?post=3663"}],"version-history":[{"count":0,"href":"https:\/\/www.best-dentist-dentistry.com\/de\/wp-json\/wp\/v2\/posts\/3663\/revisions"}],"wp:attachment":[{"href":"https:\/\/www.best-dentist-dentistry.com\/de\/wp-json\/wp\/v2\/media?parent=3663"}],"wp:term":[{"taxonomy":"category","embeddable":true,"href":"https:\/\/www.best-dentist-dentistry.com\/de\/wp-json\/wp\/v2\/categories?post=3663"},{"taxonomy":"post_tag","embeddable":true,"href":"https:\/\/www.best-dentist-dentistry.com\/de\/wp-json\/wp\/v2\/tags?post=3663"}],"curies":[{"name":"wp","href":"https:\/\/api.w.org\/{rel}","templated":true}]}}