{"id":36659,"date":"2013-04-06T02:47:19","date_gmt":"2013-04-06T02:47:19","guid":{"rendered":null},"modified":"-0001-11-30T00:00:00","modified_gmt":"-0001-11-30T00:00:00","slug":"joao-havelange-receives-the-medical-discharge-after-two-months-hospitalized","status":"publish","type":"post","link":"https:\/\/www.best-dentist-dentistry.com\/de\/joao-havelange-receives-the-medical-discharge-after-two-months-hospitalized\/36659","title":{"rendered":"joao havelange receives the medical discharge after two months hospitalized"},"content":{"rendered":"<p class=\"first\"> <span class=\"yshortcuts\" id=\"lw_1337621659_3\"> Rio De Janeiro<\/span>, 21 kann (EFE).-der ehemalige Pr\u00e4sident der FIFA Jo\u00e3o Havelange von 95 Jahren, erhielt heute die hohe medizinische nachdem man zwei Monate f\u00fcr eine Infektion ins Krankenhaus eingeliefert, sagte ein Sprecher der Rio De Janeiro Samaritan Hospital.<\/p>\n<p>Havelange wurde aufgenommen auf der Samariter-Krankenhaus-Intensivstation am 18. M\u00e4rz mit ernsthaften Prognose nach eine Infektion in einem Kn\u00f6chel, koronare Probleme und Blutdruck verursachen.<\/p>\n<p>Jo\u00e3o Mansur Filho Kardiologe Auffassung Havelange hatte heute &#8220;g\u00fcnstig&#8221; Lunge und Herz Bedingungen also es ihn hoch gab, nach dem Bulletin ver\u00f6ffentlicht vom Krankenhaus.<\/p>\n<p>Der brasilianischen ehemaliger Anf\u00fchrer angeblich aus gesundheitlichen Gr\u00fcnden f\u00fcr den R\u00fccktritt von seinem Amt des Mitglieds des des Internationalen Olympischen Komitees (IOC), in einem Moment, in dem die Organisation entfernt ihn wegen seiner angeblichen Verwicklung in einen Fall von Bestechung gemischt, im vergangenen Dezember.<\/p>\n<p>Havelange war Pr\u00e4sident des brasilianischen Verbands der Sport, Vorg\u00e4nger der CBF, von 1956 bis 1974, wechselte er die F\u00fchrung der FIFA, die bis 1998 nahm.<\/p>\n<p>Bleibt der ehemalige F\u00fchrer bis heute den Titel des Ehrenpr\u00e4sidenten des Leitungsgremiums des Fu\u00dfballs, der verliehen wurde, als er die F\u00fchrung in den H\u00e4nden von Joseph Blatter verlie\u00df. EFE<\/p>\n","protected":false},"excerpt":{"rendered":"<p>Rio De Janeiro, 21 kann (EFE).-der ehemalige Pr\u00e4sident der FIFA Jo\u00e3o Havelange von 95 Jahren, erhielt heute die hohe medizinische nachdem man zwei Monate f\u00fcr eine Infektion ins Krankenhaus eingeliefert, sagte ein Sprecher der Rio De Janeiro Samaritan Hospital. Havelange wurde aufgenommen auf der Samariter-Krankenhaus-Intensivstation am 18. M\u00e4rz mit ernsthaften Prognose nach eine Infektion in [&hellip;]<\/p>\n","protected":false},"author":1,"featured_media":0,"comment_status":"close","ping_status":"open","sticky":false,"template":"","format":"standard","meta":{"footnotes":""},"categories":[3],"tags":[],"class_list":["post-36659","post","type-post","status-publish","format-standard","hentry","category-allgemeine","et-doesnt-have-format-content","et_post_format-et-post-format-standard"],"_links":{"self":[{"href":"https:\/\/www.best-dentist-dentistry.com\/de\/wp-json\/wp\/v2\/posts\/36659","targetHints":{"allow":["GET"]}}],"collection":[{"href":"https:\/\/www.best-dentist-dentistry.com\/de\/wp-json\/wp\/v2\/posts"}],"about":[{"href":"https:\/\/www.best-dentist-dentistry.com\/de\/wp-json\/wp\/v2\/types\/post"}],"author":[{"embeddable":true,"href":"https:\/\/www.best-dentist-dentistry.com\/de\/wp-json\/wp\/v2\/users\/1"}],"replies":[{"embeddable":true,"href":"https:\/\/www.best-dentist-dentistry.com\/de\/wp-json\/wp\/v2\/comments?post=36659"}],"version-history":[{"count":0,"href":"https:\/\/www.best-dentist-dentistry.com\/de\/wp-json\/wp\/v2\/posts\/36659\/revisions"}],"wp:attachment":[{"href":"https:\/\/www.best-dentist-dentistry.com\/de\/wp-json\/wp\/v2\/media?parent=36659"}],"wp:term":[{"taxonomy":"category","embeddable":true,"href":"https:\/\/www.best-dentist-dentistry.com\/de\/wp-json\/wp\/v2\/categories?post=36659"},{"taxonomy":"post_tag","embeddable":true,"href":"https:\/\/www.best-dentist-dentistry.com\/de\/wp-json\/wp\/v2\/tags?post=36659"}],"curies":[{"name":"wp","href":"https:\/\/api.w.org\/{rel}","templated":true}]}}