{"id":3666,"date":"2012-02-21T18:01:03","date_gmt":"2012-02-21T18:01:03","guid":{"rendered":null},"modified":"-0001-11-30T00:00:00","modified_gmt":"-0001-11-30T00:00:00","slug":"vasco-navarros-mental-health-experts-emphasize-that-the-wave-of-assaults-of-mentally-ill-were-an-unfortunate-coincidence","status":"publish","type":"post","link":"https:\/\/www.best-dentist-dentistry.com\/de\/vasco-navarros-mental-health-experts-emphasize-that-the-wave-of-assaults-of-mentally-ill-were-an-unfortunate-coincidence\/3666","title":{"rendered":"Vasco Navarros psychische Gesundheitsexperten betonen, dass die Welle der \u00dcbergriffe von psychisch Kranken waren ein &#8220;ungl\u00fccklichen Zufall&#8221;."},"content":{"rendered":"<p><strong>Vasco-Navarros psychische Gesundheitsexperten betonen, dass die Welle der \u00dcbergriffe von psychisch Kranken waren ein &#8220;ungl\u00fccklichen Zufall&#8221;. <\/p>\n<p><\/strong><font size=\"2\"> <strong>treffen in Bilbao der Experten f\u00fcr die psychische Gesundheit der Baskenland und Navarra diskutieren aktuelle Angriffe in Bizkaia durch geistig Ill.<\/strong> <\/p>\n<p>-Betonen, dass Menschen mit psychischen Erkrankungen nicht besonders gewaltt\u00e4tig sind und sind eher Opfer von Gewalt werden <\/p>\n<p>-argumentieren, dass psychiatrische Patienten, aus der Alarmismus erstellt erlitten haben, da sie sich als \u00e4hnlich sahen <\/p>\n<p> &#8211; mehr als hundert Experten f\u00fcr psychische Gesundheit der Baskenland und Navarra in Bilbao, das Problem der Gewalt in psychiatrischen Patienten erf\u00fcllt <\/p>\n<p> <strong>BilbaoFebruar 2012.-<\/strong> Mitglieder der Baskisch-Society Navarra der Psychiatrie und der regionalen Vereinigung f\u00fcr das Baskenland und Navarra der spanischen Vereinigung der Neuropsychiatrie Unterstreichung, die j\u00fcngsten Anschl\u00e4ge in Bizkaia durch geistig aufgezeichnet krank waren  traurigen und ungl\u00fccklichen Zufall der Ereignisse weil Menschen mit psychischen Erkrankungen nicht besonders gewaltt\u00e4tig sind und mehr neigen zu v\u00cdctimas Gewalt &#8221;. <br \/> Dies sind die wichtigsten Schlussfolgerungen aus einer Debatte, die letzten Donnerstag, 16. Februar, in Bilbao, nahmen mehr als 100 Experten f\u00fcr psychische Gesundheit der Baskenland und Navarra, Delpar Gewalt in psychiatrischen Patienten diskutieren, bevor die j\u00fcngsten Angriffe eingetragen in Bizkaia Darsteller geistig krank in dem betroffenen Patienten warenProfis, und der Zivilgesellschaft. <\/p>\n<p>Insbesondere behandelt der Pr\u00e4sident der baskische-Navarre Gesellschaft f\u00fcr Psychiatrie, Lu\u00eds Pacheco Ya\u00f1ez und der Pr\u00e4sident des regionalen Vereins f\u00fcr das Baskenland und Navarra der Vereinigung Spanisch Neuropsychiatrie, I\u00f1aki Markez Alonso, das Treffen mit Fachleuten von Geisteskrankheit von AlavaBizkaia, Baskenland und Navarra. <\/p>\n<p>Die Ernennung war, auch besuchte, mit zwei herausragende Pr\u00e4sentationen, die waren verantwortlich f\u00fcr Juan Medrano Alb\u00e9niz und Fernando Santander Cartagena Psychiater, beide Mitglieder des Netzes der psychischen Gesundheit in \u00c1lava (Osakidetza) und anerkannter Experte in bioethische Aspekte und rechtliche der psychischen Gesundheit. <\/p>\n<p>Erstens, die Pr\u00e4sidenten der beiden Unternehmen betont, dass  Verringerung und Verh\u00fctung von Gewalt ist keine exklusive Aufgabe der rechtlichen oder strafrechtlichen Verfahren auch andere Fachleute, und unter diese psychische Gesundheit als Erzieher. Wir haben viel zu tragen und reflektieren &#8221;. <\/p>\n<p>F\u00fcr seinen Teil, die Experten und bioethische Aspekte der psychischen Gesundheit, Juan Medrano Alb\u00e9niz und Fernando Santander Cartagena betont, dass  Menschen mit psychischen Erkrankungen sind nicht besonders gewaltt\u00e4tig und sind eher Opfer von Gewalt werden &#8221;. <\/p>\n<p>Auch darauf hingewiesen, dass es da ein ServiceRuf erstellt  Handlungen der psychisch Kranken sind knapp, aber f\u00fcr die Art und Weise sie ausf\u00fchren. Sie neigen dazu, fremd und unverst\u00e4ndlich &#8221;. <\/p>\n<p>Schlie\u00dflich betont es, dass  jedesmal, wenn eine Nachricht dieses Typs in einer Zeitung erscheint gesagt in einer Art und Weise ein wenig Panikmache, es gibt Tausende von Themen, die die Kollateralsch\u00e4den da leiden nicht sehen sich gleich als jemand zu diesem Thema \u00e4hnlich &#8221;. <\/p>\n<p><\/font><\/p>\n","protected":false},"excerpt":{"rendered":"<p>Vasco-Navarros psychische Gesundheitsexperten betonen, dass die Welle der \u00dcbergriffe von psychisch Kranken waren ein &#8220;ungl\u00fccklichen Zufall&#8221;. treffen in Bilbao der Experten f\u00fcr die psychische Gesundheit der Baskenland und Navarra diskutieren aktuelle Angriffe in Bizkaia durch geistig Ill. -Betonen, dass Menschen mit psychischen Erkrankungen nicht besonders gewaltt\u00e4tig sind und sind eher Opfer von Gewalt werden -argumentieren, [&hellip;]<\/p>\n","protected":false},"author":1,"featured_media":0,"comment_status":"close","ping_status":"open","sticky":false,"template":"","format":"standard","meta":{"footnotes":""},"categories":[3],"tags":[12038,12040,12039,12042,12037,12041,12043],"class_list":["post-3666","post","type-post","status-publish","format-standard","hentry","category-allgemeine","tag-bergriffe","tag-kranken","tag-psychisch","tag-unglcklichen","tag-vasco-navarros","tag-waren","tag-zufall","et-doesnt-have-format-content","et_post_format-et-post-format-standard"],"_links":{"self":[{"href":"https:\/\/www.best-dentist-dentistry.com\/de\/wp-json\/wp\/v2\/posts\/3666","targetHints":{"allow":["GET"]}}],"collection":[{"href":"https:\/\/www.best-dentist-dentistry.com\/de\/wp-json\/wp\/v2\/posts"}],"about":[{"href":"https:\/\/www.best-dentist-dentistry.com\/de\/wp-json\/wp\/v2\/types\/post"}],"author":[{"embeddable":true,"href":"https:\/\/www.best-dentist-dentistry.com\/de\/wp-json\/wp\/v2\/users\/1"}],"replies":[{"embeddable":true,"href":"https:\/\/www.best-dentist-dentistry.com\/de\/wp-json\/wp\/v2\/comments?post=3666"}],"version-history":[{"count":0,"href":"https:\/\/www.best-dentist-dentistry.com\/de\/wp-json\/wp\/v2\/posts\/3666\/revisions"}],"wp:attachment":[{"href":"https:\/\/www.best-dentist-dentistry.com\/de\/wp-json\/wp\/v2\/media?parent=3666"}],"wp:term":[{"taxonomy":"category","embeddable":true,"href":"https:\/\/www.best-dentist-dentistry.com\/de\/wp-json\/wp\/v2\/categories?post=3666"},{"taxonomy":"post_tag","embeddable":true,"href":"https:\/\/www.best-dentist-dentistry.com\/de\/wp-json\/wp\/v2\/tags?post=3666"}],"curies":[{"name":"wp","href":"https:\/\/api.w.org\/{rel}","templated":true}]}}