{"id":36679,"date":"2013-04-09T00:00:00","date_gmt":"2013-04-09T00:00:00","guid":{"rendered":null},"modified":"-0001-11-30T00:00:00","modified_gmt":"-0001-11-30T00:00:00","slug":"week-of-the-oral-hygiene-organised-by-the-coem-and-madrid-universities","status":"publish","type":"post","link":"https:\/\/www.best-dentist-dentistry.com\/de\/week-of-the-oral-hygiene-organised-by-the-coem-and-madrid-universities\/36679","title":{"rendered":"Tydzie\u0144 higieny jamy ustnej organizowanych przez uczelnie COEM i Madrycie."},"content":{"rendered":"<p><strong>Higieny jamy ustnej tydzie\u0144 organizowane przez uniwersytety i COEM. <\/p>\n<p><\/strong> <font size=\"2\"> <strong>8 do 12 kwietnia. <br \/><\/strong> <\/p>\n<p>-stomatologiczne student\u00f3w na Uniwersytecie w Madrycie w tym tygodniu b\u0119dzie odpowiedzialny za przekazywanie znaczenie profilaktyki jamy ustnej jako istotn\u0105 cz\u0119\u015bci\u0105 zdrowia <\/p>\n<p>-palenie jako czynnik ryzyka dla raka jamy ustnej, powik\u0142ania, kt\u00f3re mog\u0105 powodowa\u0107 piercing lub wp\u0142yw problem\u00f3w stomatologicznych w zaburzenia snu, s\u0105 niekt\u00f3re tematy, na kt\u00f3re chcesz mie\u0107 wp\u0142yw <\/p>\n<p>-szacuje si\u0119, \u017ce ponad 2500 uczni\u00f3w z pi\u0119ciu uniwersytet\u00f3w, kt\u00f3re ucz\u0105 Stomatologia we\u017amie udzia\u0142 w kampanii <\/p>\n<p>-ta inicjatywa ma, po raz kolejny, przy wsparciu ministerstwa zdrowia Wsp\u00f3lnoty autonomicznej Madrytu i wsp\u00f3\u0142pracy Colgate i Oral-B <\/p>\n<p> <strong>MadrytKwietnia 2013-<\/strong> rozpocz\u0119\u0142a si\u0119 druga edycja tygodnia zdrowia jamy ustnej &#8211; tydzie\u0144 higieny jamy ustnej, organizowane przez kolegium lekarzy dentyst\u00f3w i stomatologists regionu I (COEM) poprzez jego Foundation (FCOEM), we wsp\u00f3\u0142pracy z wszystkich Madryt uniwersytety, kt\u00f3re oferuj\u0105 studia w stomatologii (Universidad Alfonso X El Sabio(, Uniwersytet Complutense, Uniwersytet Europejski, Universidad Rey Juan Carlos, Universidad San Pablo CEU). Pod has\u0142em  naprawd\u0119 myjesz z\u0119by dobrze? &#8221; ma na celu zach\u0119ci\u0107 nawyk\u00f3w zdrowej higieny jamy ustnej i pracy na zapobieganie, w ramach w\u0142asnych kampusu uniwersyteckiego. Kampania r\u00f3wnie\u017c przypomina o znaczeniu b\u0119dzie regularnie do dentysty. <\/p>\n<p>  Ta kampania ma na celu edukowanie przysz\u0142ych specjalist\u00f3w stomatologii istotnej roli spo\u0142ecze\u0144stwa jako nadajniki znaczenie zapobiegania jako podstawowym elementem prawid\u0142owego zdrowia pacjent\u00f3w, jak r\u00f3wnie\u017c potrzeb\u0119 utrzymania w\u0142a\u015bciwych nawyk\u00f3w higienicznych dla powodzenia leczenia, m\u00f3wi Dr. Marisol Ucha, wiceprezes COEM. Z tego powodu z wydzia\u0142\u00f3w stomatologii jest uczestnik student\u00f3w z innych wydzia\u0142\u00f3w w kampusie, jak r\u00f3wnie\u017c personelu spo\u0142eczno\u015bci szkolnej, przesuwaj\u0105c je ten komunikat i zapraszaj\u0105c ich do udzia\u0142u w wyk\u0142adach, warsztatach i inne zaj\u0119cia organizowane. Zapobiegania, jak r\u00f3wnie\u017c wa\u017cne zdrowie \u015brodek, jest sposobem na unikanie przysz\u0142o\u015bci zabiegi bardziej skomplikowane i bardziej kosztowna, &#8221;, dodaje. <\/p>\n<p>  R\u00f3wnie\u017c chcemy czu\u0107 przysz\u0142ych dentyst\u00f3w jest odpowiedzialny w pomoc swoich pacjent\u00f3w na rzucenie palenia, poniewa\u017c raka jamy ustnej mo\u017cna zapobiec lub zmniejszy\u0107 ich wp\u0142yw, je\u015bli pacjent nie palenie w tym samym czas poprawy zdrowia jamy ustnej, przekazuje komplikacji zwi\u0105zanych z piercing oraz rol\u0119 dentysty w zaburzenia snu &#8221;, stwierdza Dr. Ucha-hiszpa\u0144ski. <\/p>\n<p align=\"center\"><img loading=\"lazy\" decoding=\"async\" title=\"\" height=\"338\" alt=\"\" src=\"http:\/\/best-dentist-dentistry.com\/best-dentist-images\/week-of-the-oral-hygiene-organised-by-the-coem-and-madrid-universities.jpg\" width=\"241\" align=\"baseline\" border=\"0\"\/><\/p>\n<p>Se estima que m&aacute;s de 2.500 estudiantes participen en esta iniciativa que celebra este a&ntilde;o su segunda edici&oacute;n y que cuenta con el apoyo de la Consejer&iacute;a de Sanidad de la Comunidad de Madrid. Colgate i Oral-B s\u0105 wsp\u00f3\u0142prac\u0119 w kampanii. <\/p>\n<p><strong>Fundacja C\u00d3EM (FCOEM)<\/strong> <\/p>\n<p>Fundacja C\u00d3EM, ustalone przez Rad\u0119 Prezes\u00f3w C\u00d3EM, ma na celu popraw\u0119 zdrowia jamy ustnej wszystkich mieszka\u0144c\u00f3w Wsp\u00f3lnoty autonomicznej Madrytu. To jest strategia d\u0142ugo oparta na czterech filarach: Edukacja ustne dla og\u00f3\u0142u ludno\u015bci, osi\u0105gni\u0119cie optymalnego poziomu naukowego i opieki zdrowotnej specjalist\u00f3w, udzielenia informacji i pomocy do uprzywilejowanych i promowania bada\u0144. <\/p>\n<p>COEM Fundacji jest r\u00f3wnie\u017c miejsce na spotkania i udzia\u0142 wszystkich sektor\u00f3w zawod\u00f3w dentystycznych, niekoniecznie zwi\u0105zane i szafarze zdrowia jamy ustnej. <\/p>\n<p><strong>Na C\u00d3EM <br \/><\/strong> <br \/>Kolegium lekarzy dentyst\u00f3w i stomatologists 1 Region (COEM) jest profesjonalne Stowarzyszenie, kt\u00f3re zrzesza wszystkie dentyst\u00f3w Wsp\u00f3lnoty autonomicznej Madrytu i prowincji \u00c1vila, Ciudad Real, Cuenca, Guadalajara i Toledo. Obecnie liczy blisko 8000 cz\u0142onk\u00f3w. <\/p>\n<p>C\u00d3EM jest odpowiedzialny za zarz\u0105dzanie zaw\u00f3d lekarza dentysty i ich instytucjonalnej reprezentacji, a tak\u017ce skupia si\u0119 na obronie interes\u00f3w zawodowych kolegiaty, ochrony praw konsument\u00f3w i u\u017cytkownik\u00f3w oraz wykonuje wa\u017cn\u0105 prac\u0119 spo\u0142ecznego, z ostatecznym celem poprawy zdrowia jamy ustnej populacji. <\/p>\n<p><\/font><\/p>\n","protected":false},"excerpt":{"rendered":"<p>Higieny jamy ustnej tydzie\u0144 organizowane przez uniwersytety i COEM. 8 do 12 kwietnia. -stomatologiczne student\u00f3w na Uniwersytecie w Madrycie w tym tygodniu b\u0119dzie odpowiedzialny za przekazywanie znaczenie profilaktyki jamy ustnej jako istotn\u0105 cz\u0119\u015bci\u0105 zdrowia -palenie jako czynnik ryzyka dla raka jamy ustnej, powik\u0142ania, kt\u00f3re mog\u0105 powodowa\u0107 piercing lub wp\u0142yw problem\u00f3w stomatologicznych w zaburzenia snu, s\u0105 [&hellip;]<\/p>\n","protected":false},"author":1,"featured_media":0,"comment_status":"open","ping_status":"open","sticky":false,"template":"","format":"standard","meta":{"footnotes":""},"categories":[1],"tags":[46545,46546],"class_list":["post-36679","post","type-post","status-publish","format-standard","hentry","category-zahnmedizin-news","tag-tydzie","tag-uczelnie","et-doesnt-have-format-content","et_post_format-et-post-format-standard"],"_links":{"self":[{"href":"https:\/\/www.best-dentist-dentistry.com\/de\/wp-json\/wp\/v2\/posts\/36679","targetHints":{"allow":["GET"]}}],"collection":[{"href":"https:\/\/www.best-dentist-dentistry.com\/de\/wp-json\/wp\/v2\/posts"}],"about":[{"href":"https:\/\/www.best-dentist-dentistry.com\/de\/wp-json\/wp\/v2\/types\/post"}],"author":[{"embeddable":true,"href":"https:\/\/www.best-dentist-dentistry.com\/de\/wp-json\/wp\/v2\/users\/1"}],"replies":[{"embeddable":true,"href":"https:\/\/www.best-dentist-dentistry.com\/de\/wp-json\/wp\/v2\/comments?post=36679"}],"version-history":[{"count":0,"href":"https:\/\/www.best-dentist-dentistry.com\/de\/wp-json\/wp\/v2\/posts\/36679\/revisions"}],"wp:attachment":[{"href":"https:\/\/www.best-dentist-dentistry.com\/de\/wp-json\/wp\/v2\/media?parent=36679"}],"wp:term":[{"taxonomy":"category","embeddable":true,"href":"https:\/\/www.best-dentist-dentistry.com\/de\/wp-json\/wp\/v2\/categories?post=36679"},{"taxonomy":"post_tag","embeddable":true,"href":"https:\/\/www.best-dentist-dentistry.com\/de\/wp-json\/wp\/v2\/tags?post=36679"}],"curies":[{"name":"wp","href":"https:\/\/api.w.org\/{rel}","templated":true}]}}