{"id":36681,"date":"2013-04-09T00:00:00","date_gmt":"2013-04-09T00:00:00","guid":{"rendered":null},"modified":"-0001-11-30T00:00:00","modified_gmt":"-0001-11-30T00:00:00","slug":"alba-soto-garcia-responsible-for-coordination-of-ortoplus-new","status":"publish","type":"post","link":"https:\/\/www.best-dentist-dentistry.com\/de\/alba-soto-garcia-responsible-for-coordination-of-ortoplus-new\/36681","title":{"rendered":"Alba Soto Garcia, odpowiedzialny za koordynacj\u0119 Ortoplus nowy."},"content":{"rendered":"<p><strong>Alba Soto Garcia, odpowiedzialny za koordynacj\u0119 Ortoplus nowy.<\/strong> <\/p>\n<p><font size=\"2\"> <strong>Hiszpania, kwietnia 2013.-<\/strong> Ortoplus wyznacza jej nowy szef koordynacji, Alba Soto Garcia, oblicze\u0144 technicznych i protezy skonsolidowanych do\u015bwiadczenia, kt\u00f3ry do\u0142\u0105cza do teamu Ortoplus. <\/p>\n<p align=\"center\"><img loading=\"lazy\" decoding=\"async\" title=\"\" height=\"298\" alt=\"\" src=\"http:\/\/best-dentist-dentistry.com\/best-dentist-images\/alba-soto-garcia-responsible-for-coordination-of-ortoplus-new.jpg\" width=\"450\" align=\"baseline\" border=\"0\"\/><\/p>\n<p><em>Alba Soto Garc&iacute;a.<\/em><\/p>\n<p>Osobiste i zawodowe umiej\u0119tno\u015bci aby spe\u0142nia\u0107 idealny profil w sta\u0142\u0105, rozwijaj\u0105c\u0105 si\u0119 firm\u0105 na czele nowych technologii. Jest to po raz kolejny Ortoplus opowiada si\u0119 za realizacj\u0119 dyscyplin i technologicznych przed rozwoju i digitalizacji proces\u00f3w w protezy. <\/p>\n<p><\/font><\/p>\n","protected":false},"excerpt":{"rendered":"<p>Alba Soto Garcia, odpowiedzialny za koordynacj\u0119 Ortoplus nowy. Hiszpania, kwietnia 2013.- Ortoplus wyznacza jej nowy szef koordynacji, Alba Soto Garcia, oblicze\u0144 technicznych i protezy skonsolidowanych do\u015bwiadczenia, kt\u00f3ry do\u0142\u0105cza do teamu Ortoplus. Alba Soto Garc&iacute;a. Osobiste i zawodowe umiej\u0119tno\u015bci aby spe\u0142nia\u0107 idealny profil w sta\u0142\u0105, rozwijaj\u0105c\u0105 si\u0119 firm\u0105 na czele nowych technologii. Jest to po raz [&hellip;]<\/p>\n","protected":false},"author":1,"featured_media":0,"comment_status":"open","ping_status":"open","sticky":false,"template":"","format":"standard","meta":{"footnotes":""},"categories":[1],"tags":[46551,46553,46554,46552],"class_list":["post-36681","post","type-post","status-publish","format-standard","hentry","category-zahnmedizin-news","tag-alba","tag-koordynacj","tag-nowy","tag-odpowiedzialny","et-doesnt-have-format-content","et_post_format-et-post-format-standard"],"_links":{"self":[{"href":"https:\/\/www.best-dentist-dentistry.com\/de\/wp-json\/wp\/v2\/posts\/36681","targetHints":{"allow":["GET"]}}],"collection":[{"href":"https:\/\/www.best-dentist-dentistry.com\/de\/wp-json\/wp\/v2\/posts"}],"about":[{"href":"https:\/\/www.best-dentist-dentistry.com\/de\/wp-json\/wp\/v2\/types\/post"}],"author":[{"embeddable":true,"href":"https:\/\/www.best-dentist-dentistry.com\/de\/wp-json\/wp\/v2\/users\/1"}],"replies":[{"embeddable":true,"href":"https:\/\/www.best-dentist-dentistry.com\/de\/wp-json\/wp\/v2\/comments?post=36681"}],"version-history":[{"count":0,"href":"https:\/\/www.best-dentist-dentistry.com\/de\/wp-json\/wp\/v2\/posts\/36681\/revisions"}],"wp:attachment":[{"href":"https:\/\/www.best-dentist-dentistry.com\/de\/wp-json\/wp\/v2\/media?parent=36681"}],"wp:term":[{"taxonomy":"category","embeddable":true,"href":"https:\/\/www.best-dentist-dentistry.com\/de\/wp-json\/wp\/v2\/categories?post=36681"},{"taxonomy":"post_tag","embeddable":true,"href":"https:\/\/www.best-dentist-dentistry.com\/de\/wp-json\/wp\/v2\/tags?post=36681"}],"curies":[{"name":"wp","href":"https:\/\/api.w.org\/{rel}","templated":true}]}}