{"id":36719,"date":"2013-04-10T02:32:18","date_gmt":"2013-04-10T02:32:18","guid":{"rendered":null},"modified":"-0001-11-30T00:00:00","modified_gmt":"-0001-11-30T00:00:00","slug":"carrillo-lively-is-recovering-from-the-operation-and-asks-for-cuts","status":"publish","type":"post","link":"https:\/\/www.best-dentist-dentistry.com\/de\/carrillo-lively-is-recovering-from-the-operation-and-asks-for-cuts\/36719","title":{"rendered":"carrillo lively is recovering from the operation and asks for cuts"},"content":{"rendered":"<p class=\"first\"> Madrid, 21 APR (EFE).-ehemaliger Generalsekret\u00e4r der PCE, Santiago Carrillo, die auf der Intensivstation des Krankenhauses Gregorio Mara\u00f1\u00f3n nach einer Operation f\u00fcr Blinddarmentz\u00fcndung zugegeben wird, ist sehr lebhaft, bittet seine Familie, Ihnen zu sagen, was die Presse sagt, und Interesse an Schnitte der Ministerrat gebilligt wurde.<\/p>\n<p>In Anweisungen zu Efe, seinem Sohn Santiago erkl\u00e4rte, dass sein Vater gut entwickelt, wie ICU &#8220;logisch zu nicht lesbar die Presse-Fragen durch die Nachrichten&#8221; und hatte sogar eine Zeit, um das Thema &#8220;Schnitte in Bildung und Gesundheit, die nat\u00fcrlich nicht etwas wie&#8221; diskutieren mit Familie.<\/p>\n<p>Der ehemalige F\u00fchrer der PCE, 97 Jahre, hat auch gesagt sein Sohn freut sich bleiben die ICU um Zeitung zu lesen.<\/p>\n<p>Obwohl es m\u00fcde ist, sein Zustand ist stabil, wie es Efe Krankenhaus medizinische Dienst ratifiziert hat.<\/p>\n<p>Ihre Familie hat berichtet, dass es voraussichtlich am Montag an die Anlage \u00fcbergeben und in den n\u00e4chsten Wochen entlassen.<\/p>\n<p>Carrillo wurde am Donnerstagabend von einer Entz\u00fcndung der Anlage betrieben. Im Oktober letzten Jahres lag in diesem selben Krankenhaus durch eine urinausscheidende Fl\u00e4che Infektion mild Prognose.<\/p>\n","protected":false},"excerpt":{"rendered":"<p>Madrid, 21 APR (EFE).-ehemaliger Generalsekret\u00e4r der PCE, Santiago Carrillo, die auf der Intensivstation des Krankenhauses Gregorio Mara\u00f1\u00f3n nach einer Operation f\u00fcr Blinddarmentz\u00fcndung zugegeben wird, ist sehr lebhaft, bittet seine Familie, Ihnen zu sagen, was die Presse sagt, und Interesse an Schnitte der Ministerrat gebilligt wurde. In Anweisungen zu Efe, seinem Sohn Santiago erkl\u00e4rte, dass sein [&hellip;]<\/p>\n","protected":false},"author":1,"featured_media":0,"comment_status":"close","ping_status":"open","sticky":false,"template":"","format":"standard","meta":{"footnotes":""},"categories":[3],"tags":[],"class_list":["post-36719","post","type-post","status-publish","format-standard","hentry","category-allgemeine","et-doesnt-have-format-content","et_post_format-et-post-format-standard"],"_links":{"self":[{"href":"https:\/\/www.best-dentist-dentistry.com\/de\/wp-json\/wp\/v2\/posts\/36719","targetHints":{"allow":["GET"]}}],"collection":[{"href":"https:\/\/www.best-dentist-dentistry.com\/de\/wp-json\/wp\/v2\/posts"}],"about":[{"href":"https:\/\/www.best-dentist-dentistry.com\/de\/wp-json\/wp\/v2\/types\/post"}],"author":[{"embeddable":true,"href":"https:\/\/www.best-dentist-dentistry.com\/de\/wp-json\/wp\/v2\/users\/1"}],"replies":[{"embeddable":true,"href":"https:\/\/www.best-dentist-dentistry.com\/de\/wp-json\/wp\/v2\/comments?post=36719"}],"version-history":[{"count":0,"href":"https:\/\/www.best-dentist-dentistry.com\/de\/wp-json\/wp\/v2\/posts\/36719\/revisions"}],"wp:attachment":[{"href":"https:\/\/www.best-dentist-dentistry.com\/de\/wp-json\/wp\/v2\/media?parent=36719"}],"wp:term":[{"taxonomy":"category","embeddable":true,"href":"https:\/\/www.best-dentist-dentistry.com\/de\/wp-json\/wp\/v2\/categories?post=36719"},{"taxonomy":"post_tag","embeddable":true,"href":"https:\/\/www.best-dentist-dentistry.com\/de\/wp-json\/wp\/v2\/tags?post=36719"}],"curies":[{"name":"wp","href":"https:\/\/api.w.org\/{rel}","templated":true}]}}