{"id":36783,"date":"2013-04-10T02:41:23","date_gmt":"2013-04-10T02:41:23","guid":{"rendered":null},"modified":"-0001-11-30T00:00:00","modified_gmt":"-0001-11-30T00:00:00","slug":"health-corrects-item-of-royal-decree-which-endangered-the-acquired-rights-of-the-collective-health","status":"publish","type":"post","link":"https:\/\/www.best-dentist-dentistry.com\/de\/health-corrects-item-of-royal-decree-which-endangered-the-acquired-rights-of-the-collective-health\/36783","title":{"rendered":"health corrects item of royal decree which endangered the acquired rights of the collective health"},"content":{"rendered":"<p class=\"first\"> MADRID, 16 (EUROPA PRESS)<\/p>\n<p>Das <span class=\"yshortcuts\" id=\"lw_1337154764_1\"> Ministerium f\u00fcr Gesundheit<\/span>, soziale Dienste und Gleichheit wurde korrigiert Fehler in den Artikeln des K\u00f6niglichen Dekrets \u00fcber dringende Ma\u00dfnahmen zur Sicherstellung der Nachhaltigkeit des <span class=\"yshortcuts\" id=\"lw_1337154764_0\"> \u00f6ffentlichen Gesundheitswesens<\/span> (SNS) gef\u00e4hrdet die Rechte erworben durch die Arbeitskr\u00e4fte Aus\u00fcbung von medizinischen <span class=\"yshortcuts\" id=\"lw_1337154764_8\"> Fachkr\u00e4ften<\/span> (\u00c4rzte, \u00c4rzte und Hebammen), also Erf\u00fcllung der Zusage mit den Pr\u00e4sidenten der General R\u00e4te von \u00c4rzten und Krankenschwestern.<\/p>\n<p>, Ver\u00f6ffentlicht im Amtsblatt vom Dienstag und Korrektur zwischen Ministerium und die Pr\u00e4sidenten der General R\u00e4te von \u00c4rzten und Krankenschwestern, kommt zu gew\u00e4hrleisten, Gesundheitsberufe, war ihre Rechte konsolidiert, betroffen auch einrichten, dass der Standard von <span class=\"yshortcuts\" id=\"lw_1337154764_4\"> 31 Dezember<\/span> 2013 gelten.<\/p>\n<p>Das Dekret, das \u00c4rzte und Krankenschwestern (\u00c4rzte und Hebammen) Inhaber von lokalen Dienstleistungen, die ihre berufliche T\u00e4tigkeit im <span class=\"yshortcuts\" id=\"lw_1337154764_3\"> Gesundheitswesen<\/span> betreffen, sowie den Rest der <span class=\"yshortcuts\" id=\"lw_1337154764_6\"> Stabsoffizier<\/span>, der seine Dienste in <span class=\"yshortcuts\" id=\"lw_1337154764_5\"> Gesundheitseinrichtungen<\/span> \u00f6ffentliche, bietet da dr\u00e4ngte sie in Gesundheitsdienste integriert wie Bedienstete festen oder zuschreiben wird sie Verwaltungseinrichtungen geh\u00f6ren nicht zur \u00f6ffentlichen Gesundheitseinrichtungen.<\/p>\n<p>Diese Situation nach F\u00fchrer der General R\u00e4te von \u00c4rzten und Krankenschwestern, &#8220;er kam, um eine ernsthafte Rechtsunsicherheit f\u00fchren und verursacht Hilflosigkeit den betroffenen als nicht enthalten darin respektieren die Rechte, die diese Fachleute in ihrem aktuellen Job, die verletzt werden k\u00f6nnte, haben, vor allem, wenn Sie entscheiden sich f\u00fcr die nicht-Integration&#8221;&#8221;, insbesondere im Zusammenhang mit ihrem Alter und Ruhestand&#8221;.<\/p>\n<p>Ganz zu schweigen von die Tatsache, dass diese Fachleute, &#8220;sie w\u00fcrde nicht mehr k\u00fcmmern, Pflichten \u00dcbergabe an Verwaltungseinrichtungen deren Art und Bezeichnung der Bestimmung unklar&#8221;.<\/p>\n<p>Beseitigt die BOE nun diese Situation durch Hinzuf\u00fcgen, dass nach dem Beitritt Gesundheitsdienste als Personen gesetzlich fixiert, dies &#8220;ohne Beeintr\u00e4chtigung der gebundenen Aufgaben&#8221; werden. In \u00e4hnlicher Weise hinzuf\u00fcgen pers\u00f6nlichen Ausdruck offizielle Wort-Gesundheit und richtet seine Anwendung nach 31. Dezember 2013, und nicht von der 31. Dezember 2012, als die ersten RD. <\/p>\n<p>Seit der Ver\u00f6ffentlichung der RD, der Minister der Industrie Ana Mato hatte zwei Sitzungen, das Subjekt, das erste man auf Mai 8 mit dem Pr\u00e4sidenten des Rates General der Krankenpflege von Spanien, Max Gonz\u00e1lez Jurado, zu diskutieren und die zweite am Montag kann mit dem gleichen Partner von der Krankenpflege, sowie Juan Jos\u00e9 Rodr\u00edguez Send\u00ednVorsitzender des Generalrats der <span class=\"yshortcuts\" id=\"lw_1337154764_7\"> medizinischen Hochschulen<\/span>. <\/p>\n<p>In beiden Sitzungen Mato verpf\u00e4ndet erstellt durch eine aktuelle Redaktion dieses K\u00f6niglichen Dekrets Abhilfe schaffen &#8220;zeigen ihre volle Bereitschaft weiterhin die Rechte gest\u00e4rkt durch \u00c4rzte und Krankenschwestern, die stark betroffen von dieser Neuregelung des Ministeriums durch eine Korrektur der Fehler der Verordnungen ver\u00f6ffentlicht im offiziellen Bulletin des Staates &rsquo;.<\/p>\n<p>Nach seiner Ver\u00f6ffentlichung im Amtsblatt, Jury hat zog Sie nach Minister Aufwertung des spanischen Krankenpflege und seine Sensibilit\u00e4t f\u00fcr dieses Problem in der oben genannten Fehlerkorrektur abholen. Auch sagt, dass diese Korrektur &#8220;das Ziel der Gesundheit Verwaltungen erreicht der Personalpolitik zu homogenisieren und unsererseits, die diese Integrationen vorgenommen werden mit weniger m\u00f6gliche St\u00f6rung f\u00fcr diese gute Fachleute, die beide gemacht haben durch unsere SNS w\u00e4hrend seines Berufslebens&#8221;.<\/p>\n","protected":false},"excerpt":{"rendered":"<p>MADRID, 16 (EUROPA PRESS) Das Ministerium f\u00fcr Gesundheit, soziale Dienste und Gleichheit wurde korrigiert Fehler in den Artikeln des K\u00f6niglichen Dekrets \u00fcber dringende Ma\u00dfnahmen zur Sicherstellung der Nachhaltigkeit des \u00f6ffentlichen Gesundheitswesens (SNS) gef\u00e4hrdet die Rechte erworben durch die Arbeitskr\u00e4fte Aus\u00fcbung von medizinischen Fachkr\u00e4ften (\u00c4rzte, \u00c4rzte und Hebammen), also Erf\u00fcllung der Zusage mit den Pr\u00e4sidenten der [&hellip;]<\/p>\n","protected":false},"author":1,"featured_media":0,"comment_status":"close","ping_status":"open","sticky":false,"template":"","format":"standard","meta":{"footnotes":""},"categories":[3],"tags":[],"class_list":["post-36783","post","type-post","status-publish","format-standard","hentry","category-allgemeine","et-doesnt-have-format-content","et_post_format-et-post-format-standard"],"_links":{"self":[{"href":"https:\/\/www.best-dentist-dentistry.com\/de\/wp-json\/wp\/v2\/posts\/36783","targetHints":{"allow":["GET"]}}],"collection":[{"href":"https:\/\/www.best-dentist-dentistry.com\/de\/wp-json\/wp\/v2\/posts"}],"about":[{"href":"https:\/\/www.best-dentist-dentistry.com\/de\/wp-json\/wp\/v2\/types\/post"}],"author":[{"embeddable":true,"href":"https:\/\/www.best-dentist-dentistry.com\/de\/wp-json\/wp\/v2\/users\/1"}],"replies":[{"embeddable":true,"href":"https:\/\/www.best-dentist-dentistry.com\/de\/wp-json\/wp\/v2\/comments?post=36783"}],"version-history":[{"count":0,"href":"https:\/\/www.best-dentist-dentistry.com\/de\/wp-json\/wp\/v2\/posts\/36783\/revisions"}],"wp:attachment":[{"href":"https:\/\/www.best-dentist-dentistry.com\/de\/wp-json\/wp\/v2\/media?parent=36783"}],"wp:term":[{"taxonomy":"category","embeddable":true,"href":"https:\/\/www.best-dentist-dentistry.com\/de\/wp-json\/wp\/v2\/categories?post=36783"},{"taxonomy":"post_tag","embeddable":true,"href":"https:\/\/www.best-dentist-dentistry.com\/de\/wp-json\/wp\/v2\/tags?post=36783"}],"curies":[{"name":"wp","href":"https:\/\/api.w.org\/{rel}","templated":true}]}}