{"id":36829,"date":"2013-04-11T05:30:43","date_gmt":"2013-04-11T05:30:43","guid":{"rendered":null},"modified":"-0001-11-30T00:00:00","modified_gmt":"-0001-11-30T00:00:00","slug":"piaeiro-chorus-it-is-necessary-to-break-with-the-stereotype-and-decrepit-image-of-older-persons","status":"publish","type":"post","link":"https:\/\/www.best-dentist-dentistry.com\/de\/piaeiro-chorus-it-is-necessary-to-break-with-the-stereotype-and-decrepit-image-of-older-persons\/36829","title":{"rendered":"Pi\u00f1eiro Chor: Es ist notwendig, um mit dem Stereotyp und altersschwache Bild \u00e4lterer Menschen zu brechen"},"content":{"rendered":"<p><strong>Chor Pi\u00f1eiro: &#8220;Es ist notwendig, mit dem Stereotyp und altersschwache Bild \u00e4lterer Menschen zu brechen&#8221; <\/p>\n<p><font size=\"2\"> Vigo, April 2013.-<\/strong><font size=\"2\"> des Generalsekretariats f\u00fcr Sozialpolitik, Chor Pi\u00f1eiro, er\u00f6ffnet letzten Dienstag in Vigo X Forum Interxeneracional organisiert zusammen mit der Kulturverein der st\u00e4ndigen Erwachsenenbildung (Ategal) Wetten auf Technologien von Informations- und Kommunikationstechnologien (IKT) zur Verbesserung der Lebensqualit\u00e4t \u00e4lterer Menschen zu verbessern. <\/p>\n<p>Das Treffen f\u00e4llt das grenz\u00fcberschreitende Projekt Envejecimiento + Activo an denen der Xunta de Galicia und anderen galicischen Institutionen und der Norden von Portugal, finanziert mit Mitteln des operationellen Programms der grenz\u00fcbergreifenden Zusammenarbeit Spanien &#8211; Portugal (ENIAC) und kofinanziert durch den Europ\u00e4ischen Fonds f\u00fcr regionale Entwicklung (EFRE) beteiligt ist. <\/p>\n<p>Williams sagte, die  ist notwendig, sich von dem Stereotypen Bild mehr unfreundlich und das Personal &#8221; f\u00fcr  geben Justiz der Rolle muss die Person in unserer heutigen Gesellschaft &#8221; ist nicht, er sagte, der Integration und Teilhabe. <\/p>\n<p>In seinem Ansehen dieser sozialen Wandel durch St\u00e4rkung und F\u00f6rderung des aktiven Alterns und die Beteiligung \u00e4lterer Menschen in allen Bereichen der Gesellschaft, zusammen mit Unterst\u00fctzung institutioneller oder  die Entwicklung der Beziehungen zwischen den Generationen, als das eigene Ategal-Forum helfen, das Stereotype und unfaire Bild brechen &#8221;. <\/p>\n<p align=\"center\"> <img loading=\"lazy\" decoding=\"async\" title=\"\" height=\"298\" alt=\"\" src=\"http:\/\/www.noticiasmedicas.es\/medicina\/content_images\/275\/2013_04\/282.JPG\" width=\"450\" align=\"baseline\" border=\"0\"\/><\/p>\n<p> in diesem Sinne Pi\u00f1eiro Galicien derzeit hat etwa 5.000 erweiterte Telecare-Ger\u00e4te und das l\u00e4uft Miavizor erweiterte Telecare-Projekt, einen Plan des Teleprevencion dem \u00e4lteren dienen kann, Menschen ohne das geschehen im Notfall bietet seine lebenswichtigen Informationen 24 Stunden am Tag und dass, k\u00f6nnen es kann verarbeitet werden, um festzustellen, ob der Benutzer zu zur\u00fcckgerufen wird F\u00fchren Sie gesunde Lebensgewohnheiten. <\/p>\n<p>Der Besitzer der Sozialpolitik angek\u00fcndigt, dass ab Ende dieses Monats und nach der Pilot 2012 dieses Jahr 500 Ger\u00e4te dieses Typs in verschiedenen Concellos in den l\u00e4ndlichen Gebieten von Lugo und Ourense installiert werden. Der Plan hat 800.000 Euro aus Haushalt und mindestens dreij\u00e4hriger. <\/p>\n<p>Williams sagte, dass sie auch andere Pilotprojekte in Telecare in Galicien als so genannte Telegerontologia, eine galizische Patent von UDC wegweisende und einzigartig in der Welt oder die Sam-TV-Plattform der UVIGO durchgef\u00fchrt werden,  Aufmerksamkeit auf \u00e4ltere Menschen durch den TV und nicht Internet-basiertegerade f\u00fcr \u00e4lteren Menschen, die nicht wissen, oder sind nicht gut im Netzwerk behandelt &#8221;. <\/p>\n<p>Weiter erinnerte daran, dass jenem Morgen vergangenen Dienstag von der galicischen Regierung ins Leben gerufen wurde der strategische Plan f\u00fcr die Pr\u00e4vention und Screening von Abh\u00e4ngigkeit in Galizien, eine Gruppe von mehr als 400 Ma\u00dfnahmen und Orientierungen  zur Vermeidung von Abh\u00e4ngigkeit und verz\u00f6gern Institutionalisierung wodurch, dass \u00e4lteren Menschen, die zu Hause leben wollen weiterhin tun k\u00f6nnen &#8221; und dass in den n\u00e4chsten sieben Jahren markieren wird  Wegweiser der Politik der Vermeidung der pers\u00f6nlichen Autonomie in Galicien &#8221;. <\/p>\n<p>Schlie\u00dflich sagte die Regionalregierung Pineiro,  Arbeiten zur F\u00f6rderung des aktiven Alterns mit Initiativen wie Galicisch planen gro\u00dfe 2010 bis 2013 &#8221; ein Projekt mit den wichtigsten Entit\u00e4ten und Zuordnungen des Sektors, die 12.000 Usern vereinbart. Ihr Ziel ist es,  der Schutz der Rechte \u00e4lterer Menschen, ihre Teilhabe in der Gesellschaft und die Grundlagen f\u00fcr ein gl\u00fcckliches, gesundes und aktives Altern &#8221;. <\/p>\n<p>Die Maiores Programmstudenten (\u00e4ltere Menschen) nahm an der Sitzung gibt UVIGO, ATEGAL (auch \u00e4ltere) Sch\u00fcler und Sch\u00fclerInnen da Escola Superior de Arte Dramatica de Galicia. <\/p>\n<p>Im Laufe des Nachmittags nahm alle von ihnen in einem lebhaften und bunten Workshop der Musiktherapie ab 17.30 Uhr. <\/p>\n<p><strong>Ategal<\/strong> <\/p>\n<p>Training Centre sozio-kulturellen, Mitarbeiter von der Xunta de Galicia, non-Profit, 30 Jahre helfen aktiv, um die Lebensqualit\u00e4t f\u00fcr Erwachsene und \u00e4ltere Menschen zu verbessern und diese Freundschaften und Aktivit\u00e4ten, Ihre Freizeit zu teilen zu finden zu bleiben. Pionier bei der Bildung von Erwachsenen in Galicien, derzeit hat 1.300 Mitglieder. <\/p>\n<p><strong>Galicisch Altern<\/strong> <\/p>\n<p>Nach den neuesten Daten von der galicischen Statistik Institut (IGE) 2012 in Galicien befinden sich 2.781.498 Leute, davon 635.879 mehr als 65 Jahre haben. Das hei\u00dft, die 22\u00b486 Prozent der Gesellschaft, \u00fcber das Quartal. Fast 100.000 mehr als 80 Jahren und einige 1.200 der hundert (10 Prozent von allen staatlichen&#8230;) vor allem in Bereichen der Bev\u00f6lkerung von Ourense (je mehr Jahre mit 28 Prozent der Bev\u00f6lkerung \u00fcber 65 Jahre) und Lugo, die jeweils f\u00fcr sich genommen, sie sind die ersten in der Welt in Altern, oben auch von \u00e4hnlichen geografischen Gebieten Japans. Die galicische Gemeinschaft bleibt die meisten Alter zweite in Spanien nach Kastilien -Le\u00f3n. <\/p>\n<p>In der Tat \u00fcbersteigt das durchschnittliche Alter der Lebenserwartung in Galizien heute 82: 85,8 f\u00fcr Frauen und 79 f\u00fcr M\u00e4nner. Die h\u00f6chste Quote in Europa nach den Franzosen, die 83 j\u00e4hriger Durchschnitt ist. <\/p>\n<p><\/font><\/font><\/p>\n","protected":false},"excerpt":{"rendered":"<p>Chor Pi\u00f1eiro: &#8220;Es ist notwendig, mit dem Stereotyp und altersschwache Bild \u00e4lterer Menschen zu brechen&#8221; Vigo, April 2013.- des Generalsekretariats f\u00fcr Sozialpolitik, Chor Pi\u00f1eiro, er\u00f6ffnet letzten Dienstag in Vigo X Forum Interxeneracional organisiert zusammen mit der Kulturverein der st\u00e4ndigen Erwachsenenbildung (Ategal) Wetten auf Technologien von Informations- und Kommunikationstechnologien (IKT) zur Verbesserung der Lebensqualit\u00e4t \u00e4lterer Menschen [&hellip;]<\/p>\n","protected":false},"author":1,"featured_media":0,"comment_status":"close","ping_status":"open","sticky":false,"template":"","format":"standard","meta":{"footnotes":""},"categories":[3],"tags":[46673,46671,46672],"class_list":["post-36829","post","type-post","status-publish","format-standard","hentry","category-allgemeine","tag-altersschwache","tag-pieiro","tag-stereotyp","et-doesnt-have-format-content","et_post_format-et-post-format-standard"],"_links":{"self":[{"href":"https:\/\/www.best-dentist-dentistry.com\/de\/wp-json\/wp\/v2\/posts\/36829","targetHints":{"allow":["GET"]}}],"collection":[{"href":"https:\/\/www.best-dentist-dentistry.com\/de\/wp-json\/wp\/v2\/posts"}],"about":[{"href":"https:\/\/www.best-dentist-dentistry.com\/de\/wp-json\/wp\/v2\/types\/post"}],"author":[{"embeddable":true,"href":"https:\/\/www.best-dentist-dentistry.com\/de\/wp-json\/wp\/v2\/users\/1"}],"replies":[{"embeddable":true,"href":"https:\/\/www.best-dentist-dentistry.com\/de\/wp-json\/wp\/v2\/comments?post=36829"}],"version-history":[{"count":0,"href":"https:\/\/www.best-dentist-dentistry.com\/de\/wp-json\/wp\/v2\/posts\/36829\/revisions"}],"wp:attachment":[{"href":"https:\/\/www.best-dentist-dentistry.com\/de\/wp-json\/wp\/v2\/media?parent=36829"}],"wp:term":[{"taxonomy":"category","embeddable":true,"href":"https:\/\/www.best-dentist-dentistry.com\/de\/wp-json\/wp\/v2\/categories?post=36829"},{"taxonomy":"post_tag","embeddable":true,"href":"https:\/\/www.best-dentist-dentistry.com\/de\/wp-json\/wp\/v2\/tags?post=36829"}],"curies":[{"name":"wp","href":"https:\/\/api.w.org\/{rel}","templated":true}]}}