{"id":36831,"date":"2013-04-11T05:30:53","date_gmt":"2013-04-11T05:30:53","guid":{"rendered":null},"modified":"-0001-11-30T00:00:00","modified_gmt":"-0001-11-30T00:00:00","slug":"most-of-the-intergenerational-programs-have-not-shown-its-efficiency-and-scientific-efficacy","status":"publish","type":"post","link":"https:\/\/www.best-dentist-dentistry.com\/de\/most-of-the-intergenerational-programs-have-not-shown-its-efficiency-and-scientific-efficacy\/36831","title":{"rendered":"Die meisten Programme, zwischen den Generationen haben nicht seine Effizienz und wissenschaftliche Wirksamkeit gezeigt."},"content":{"rendered":"<p><strong>Die meisten Programme, zwischen den Generationen, wurde nicht nachgewiesen, seine Effizienz und wissenschaftliche Wirksamkeit.<\/strong> <br \/><font size=\"2\"> <\/p>\n<p>-Die internationale wissenschaftliche Gemeinschaft erkennt die gro\u00dfe G\u00fcltigkeit generationen\u00fcbergreifende Aktivit\u00e4ten, aber angesichts der prek\u00e4ren Lage der Programme, verteidigt seine \u00dcberholung und Umdenken <\/p>\n<p>-zwischen den Generationen Programme richtet sich an \u00e4ltere Menschen in Spanien nicht werden ausgewertet und ihre Ergebnisse und die M\u00f6glichkeit in Frage <\/p>\n<p>-Tag der Vigo will das sozialen Interaktion f\u00f6rdernaktives und gesundes Altern und der Dialog zwischen jung und alt. Fachleute im Bereich nehmen sozio Sanitario, institutionelle Vertreter und Senioren <\/p>\n<p>-Teil des Projektes Envejecimiento + Activo, finanziert mit Mitteln aus dem operationellen Programm des Spanien-Portugal grenz\u00fcberschreitende Zusammenarbeit (ENIAC) und kofinanziert durch den Europ\u00e4ischen Fonds f\u00fcr regionale Entwicklung (EFRE) <\/p>\n<p>-in Galicien, der zweite die meisten Altern-Gemeinschaft von Spanien nach Castilla Le\u00f3n, wohnen 2.781.498 Menschen, 635.879 mit mehr als 65 Jahre. Das hei\u00dft, ein 22\u00b486 Prozent der Bev\u00f6lkerung <\/p>\n<p>-80 Jahre und 1.200 100, vor allem in Bereichen von Ourense und Lugo, die individuell, die erste in der Welt in Altern, \u00fcber Regionen von Japan, die erste in der Welt sind fast 100.000 \u00fcberschreiten <\/p>\n<p> <strong>VigoApril 2013 &#8211;<\/strong>  zwischen den Generationen Programme richtet sich an \u00e4ltere Menschen in Spanien sind nicht ausgewertet und ihre Ergebnisse und die M\u00f6glichkeit in Frage &#8221; warnt die Geriatrician und gesch\u00e4ftsf\u00fchrender Gesellschafter der Caligers, Miguel Angel V\u00e1zquez V\u00e1zquez, die sicherstellt, dass  den meisten ist zwischen den Generationen-Programmen durchgef\u00fchrt werden heraus haben nicht wissenschaftlich bewiesen ihre Effizienz und Effektivit\u00e4t &#8221; feiner verweist, die  Gemeinschaft internationalen wissenschaftlichen nimmt diese Situation, und angesichts der Knappheit der Ressourcen, die f\u00fcr \u00e4ltere Menschen bestimmt ist, gibt ein \u00dcberblick \u00fcber die aktuelle Situation bei der Planung solcher Programme &#8221;. <\/p>\n<p>Vazquez wurde der Hauptredner der X-Forum-Interxeneracional, die letzten Freitag im April 5 von der 11\u00b400-Stunden in die Halle des Zentrums der elf von Vigo (Gran V\u00eda, 16) mit der Konferenz Gesundheit und Praxis Interxeneracional-Ereignisse stattfand: Erweiterte &#8211; Leben e Vivila Mais, pr\u00e4sentiert eine revolution\u00e4re Vision dar\u00fcber, was die Beziehungen zwischen den Generationen, wie sind sollten verbessert werden und was es kann und sollte die Rolle der alle seine Spieler, auch auf individueller Ebene, d.h. gr\u00f6\u00dfer als betroffene Person w\u00e4hlen kann, wie Ihr Leben Lebenwie am besten nutzen Sie diese wichtige Etappe, um aktives und positives Altern zu gew\u00e4hrleisten und sogar  was nicht sterben &#8221;. <\/p>\n<p>Miguel Angel Vazquez ist wiederum die UVIGO Galicisch Forscher erkannt theoretisch internationalen, renommierten Wohn-Modell, aktives Altern und andere Bereiche rund um \u00e4ltere Menschen sowie besucht in Aussch\u00fcssen der Europ\u00e4ischen Union, der Vereinten Nationen, der Unesco und der andere wichtige globale Missbrauch-Agenturen f\u00fcr Senioren, innovative Wohn-Modelle, Pioniere und alternativen Gesundheitsf\u00fcrsorge partner Gro\u00dfhandel konzentrierte sich auf die Person, etc.. Vazquez ist der Autor zahlreicher Aufs\u00e4tze und Werke, die einen Verweis von Entit\u00e4ten und Zuordnungen auf der ganzen Welt sind. <\/p>\n<p>Der Generaldirektor des Ategal, Rafael Romero und das Generalsekretariat f\u00fcr Arbeit und Wohlfahrt, Chor Pi\u00f1eiro er\u00f6ffnet diese X-Forum-Interxeneracional abgehalten wurde, um zu f\u00f6rdern, aktiv und gesund altern sowie Dialog zwischen jungen Menschen und \u00e4ltesten, Erleichterung der Kontakt zwischen solchen Generationen um die Erfahrung zu sch\u00e4tzen und das soziale Kapital, die Senioren Gesellschaft bieten. <\/p>\n<p>Diesem Tag der sozialen Interaktion, organisiert durch das Ministerium f\u00fcr Arbeit und Soziales der Xunta de Galicia zusammen mit dem Kulturverein des lebenslangen Lernens von Erwachsenen (ATEGAL) in das grenz\u00fcberschreitende Projekt Envejecimiento + Activo in denen die Xunta de Galicia und Galicisch Entit\u00e4ten beteiligt sich gehalten und der Norden von Portugalfinanziert mit Mitteln des operationellen Programms der grenz\u00fcbergreifenden Zusammenarbeit Spanien &#8211; Portugal (ENIAC) und kofinanziert durch den Europ\u00e4ischen Fonds f\u00fcr regionale Entwicklung (EFRE). <\/p>\n<p>Die Maiores Programmstudenten (\u00e4ltere Menschen) nahm an der Sitzung gibt UVIGO, ATEGAL (auch \u00e4ltere) Sch\u00fcler und Sch\u00fclerInnen da Escola Superior de Arte Dramatica de Galicia. <\/p>\n<p>Ebenfalls eine Podiumsdiskussion der Arbeits- und sozialen Erfahrungen in alternden stattfand und generationen\u00fcbergreifende Beziehungen der Psychologe und Koordinator der Unterst\u00fctzungsgruppe f\u00fcr den Patienten von der Fundaci\u00f3n renale I\u00f1igo Alvarez (von Toledo) in Galicien, Jos\u00e9 Luis Santos &#8211; Ascarza Bacariza; der Kopf des Service Bureau of Information, Beratung und F\u00f6rderung der Sch\u00fcler (SIOPE) von UVIGO, Carmen \u00c1lvarez Veleiro; Lehrer von der Universidade do Minho, Fernando Parente und Alice Delerue und der Koordinator des Programms f\u00fcr Maiores da UVIGO, Jos\u00e9 Fari\u00f1a Fari\u00f1a. <\/p>\n<p><strong>Ategal<\/strong> <\/p>\n<p>Training Centre sozio-kulturellen, Mitarbeiter von der Xunta de Galicia, non-Profit, 30 Jahre helfen aktiv, um die Lebensqualit\u00e4t f\u00fcr Erwachsene und \u00e4ltere Menschen zu verbessern und diese Freundschaften und Aktivit\u00e4ten, Ihre Freizeit zu teilen zu finden zu bleiben. Pionier bei der Bildung von Erwachsenen in Galicien, derzeit hat 1.300 Mitglieder. <\/p>\n<p><strong>Galicisch Altern <br \/><\/strong> <br \/>Nach den neuesten Daten von der galicischen Statistik Institut (IGE) 2012 in Galicien befinden sich 2.781.498 Leute, davon 635.879 mehr als 65 Jahre haben. Das hei\u00dft, die 22\u00b486 Prozent der Gesellschaft, \u00fcber das Quartal. Fast 100.000 mehr als 80 Jahren und einige 1.200 der hundert (10 Prozent von allen staatlichen&#8230;) vor allem in Bereichen der Bev\u00f6lkerung von Ourense (je mehr Jahre mit 28 Prozent der Bev\u00f6lkerung \u00fcber 65 Jahre) und Lugo, die jeweils f\u00fcr sich genommen, sie sind die ersten in der Welt in Altern, oben auch von \u00e4hnlichen geografischen Gebieten Japans. Die galicische Gemeinschaft bleibt die meisten Alter zweite in Spanien nach Kastilien -Le\u00f3n. <\/p>\n<p>In der Tat \u00fcbersteigt das durchschnittliche Alter der Lebenserwartung in Galizien heute 82: 85,8 f\u00fcr Frauen und 79 f\u00fcr M\u00e4nner. Die h\u00f6chste Quote in Europa nach den Franzosen, die 83 j\u00e4hriger Durchschnitt ist. <\/p>\n<p>In diesem Zusammenhang laut warnen die Spezialisten der Feld Partner Gesundheit, wenn Sie positive Auswirkungen auf Gesellschaft und die Alterung in der Zukunft, m\u00fcssen werden erreichen wollen angesprochen so schnell wie m\u00f6glich dieses Ph\u00e4nomen mit allen Mitteln an die Verwaltungen und Personen besitzen und soziale. <\/p>\n<p><\/font><\/p>\n","protected":false},"excerpt":{"rendered":"<p>Die meisten Programme, zwischen den Generationen, wurde nicht nachgewiesen, seine Effizienz und wissenschaftliche Wirksamkeit. -Die internationale wissenschaftliche Gemeinschaft erkennt die gro\u00dfe G\u00fcltigkeit generationen\u00fcbergreifende Aktivit\u00e4ten, aber angesichts der prek\u00e4ren Lage der Programme, verteidigt seine \u00dcberholung und Umdenken -zwischen den Generationen Programme richtet sich an \u00e4ltere Menschen in Spanien nicht werden ausgewertet und ihre Ergebnisse und die [&hellip;]<\/p>\n","protected":false},"author":1,"featured_media":0,"comment_status":"close","ping_status":"open","sticky":false,"template":"","format":"standard","meta":{"footnotes":""},"categories":[3],"tags":[46673],"class_list":["post-36831","post","type-post","status-publish","format-standard","hentry","category-allgemeine","tag-altersschwache","et-doesnt-have-format-content","et_post_format-et-post-format-standard"],"_links":{"self":[{"href":"https:\/\/www.best-dentist-dentistry.com\/de\/wp-json\/wp\/v2\/posts\/36831","targetHints":{"allow":["GET"]}}],"collection":[{"href":"https:\/\/www.best-dentist-dentistry.com\/de\/wp-json\/wp\/v2\/posts"}],"about":[{"href":"https:\/\/www.best-dentist-dentistry.com\/de\/wp-json\/wp\/v2\/types\/post"}],"author":[{"embeddable":true,"href":"https:\/\/www.best-dentist-dentistry.com\/de\/wp-json\/wp\/v2\/users\/1"}],"replies":[{"embeddable":true,"href":"https:\/\/www.best-dentist-dentistry.com\/de\/wp-json\/wp\/v2\/comments?post=36831"}],"version-history":[{"count":0,"href":"https:\/\/www.best-dentist-dentistry.com\/de\/wp-json\/wp\/v2\/posts\/36831\/revisions"}],"wp:attachment":[{"href":"https:\/\/www.best-dentist-dentistry.com\/de\/wp-json\/wp\/v2\/media?parent=36831"}],"wp:term":[{"taxonomy":"category","embeddable":true,"href":"https:\/\/www.best-dentist-dentistry.com\/de\/wp-json\/wp\/v2\/categories?post=36831"},{"taxonomy":"post_tag","embeddable":true,"href":"https:\/\/www.best-dentist-dentistry.com\/de\/wp-json\/wp\/v2\/tags?post=36831"}],"curies":[{"name":"wp","href":"https:\/\/api.w.org\/{rel}","templated":true}]}}