{"id":36849,"date":"2013-04-13T02:32:09","date_gmt":"2013-04-13T02:32:09","guid":{"rendered":null},"modified":"-0001-11-30T00:00:00","modified_gmt":"-0001-11-30T00:00:00","slug":"the-eu-will-propose-promoting-a-green-economy-and-inclusive-in-rio-20","status":"publish","type":"post","link":"https:\/\/www.best-dentist-dentistry.com\/de\/the-eu-will-propose-promoting-a-green-economy-and-inclusive-in-rio-20\/36849","title":{"rendered":"the eu will propose promoting a green economy and inclusive in rio 20"},"content":{"rendered":"<p class=\"first\"> <span class=\"yshortcuts\" id=\"lw_1334836465_6\"> Horsens<\/span> (D\u00e4nemark), 19 APR (EFE).-der Europ\u00e4ischen Union (<span class=\"yshortcuts\" id=\"lw_1334836465_0\"> EU<\/span>) wird weltweit auf der n\u00e4chsten Konferenz der Vereinten Nationen \u00fcber nachhaltige Entwicklung, Rio + 20 zu einer umweltfreundlichen Wirtschaft \u00f6kologisch und sozial integrativen verschieben vorschlagen.<\/p>\n<p>&#8220;Erstellen eine gr\u00fcnen Wirtschaft und integrative f\u00fcr den Bau einer <span class=\"yshortcuts\"id=\"lw_1334836465_2\"> nachhaltige Entwicklung&#8221;<\/span>, dies ist das Rezept, das die EU verteidigen wird, Rio + 20, zur Bew\u00e4ltigung der Herausforderungen, die durch Armut und Klimawandel, sagte der d\u00e4nische Minister f\u00fcr <span class=\"yshortcuts\" id=\"lw_1334836465_4\"> Umwelt<\/span>, <span class=\"yshortcuts\" id=\"lw_1334836465_8\"> Ida Auken<\/span>, in einer Pressekonferenz heute.<\/p>\n<p>Auske, der als Hostess in informellen Ministerrats Umwelt gestern und heute in Horsens (D\u00e4nemark) gearbeitet hat, hat die Bedeutung der sich zusammen mit der Aspekten soziale, wirtschaftliche und \u00f6kologische L\u00f6sungen, da diese &#8220;untrennbar&#8221; sind erreichen.<\/p>\n<p>Europa geht an die Ernennung, die stattfinden wird von 20 bis 22 Juni in <span class=\"yshortcuts\" id=\"lw_1334836465_7\"> Rio De Janeiro<\/span> (Brasilien), bereit, sitzen am Tisch mit ihren Partnern Fortschritte erzielen und h\u00f6ren Sie alle Vorschl\u00e4ge in den Worten von Auken.<\/p>\n<p>Insbesondere der 27 EU-Mitgliedstaaten haben sich mit dem Block der lateinamerikanischen L\u00e4nder, angef\u00fchrt von Kolumbien zu verhandeln, sie haben ihre eigenen Initiativen, die den Akzent auf die sozialen Inhalte und die Beseitigung der Armut auf den Tisch gelegt.<\/p>\n<p>&#8220;Das Konzept ist in der N\u00e4he, da die EU eine inklusive gr\u00fcnen Wirtschaft spricht, wir sprechen nicht nur Umwelt und Wirtschaft, realisieren wir auch die sozialen Folgen und der Justiz, die diese Richtlinien haben&#8221;, sagte.<\/p>\n<p>Spanien versucht, den erforderlichen Konsens auf beiden Seiten des Atlantiks wegen seiner historischen, kulturellen und sprachlichen Verbindungen mit den lateinischen L\u00e4ndern zu erleichtern, erkl\u00e4rt der spanischen Secretary Of State for the Environment, Federico Ramos, in Aussagen zu Efe.<\/p>\n<p>&#8220;Spanien versteht, dass Sie sinnvoll Arbeiten durch die Verbindung der gr\u00fcnen Wirtschaft mit nachhaltige Entwicklungsziele&#8221;, sagte der Staatssekret\u00e4r.<\/p>\n<p>F\u00fcr Ramos, der auch den Vorsitz des Programms der Vereinten Nationen f\u00fcr die Umwelt (UNEP) innehat, das Abkommen ist m\u00f6glich, wenn &#8220;alle f\u00fcr ihn zu arbeiten&#8221; und sah die Nuancen der Inklusivit\u00e4t, die den europ\u00e4ischen Ansatz in sein Angebot macht, f\u00fcr eine gr\u00fcne Wirtschaft eine Br\u00fccke zum Abkommen mit Latino-Partner werden kann.<\/p>\n<p>Br\u00fcssel hat eine Liste mit f\u00fcnf Priorit\u00e4ten f\u00fcr Rio + 20 Verhandlungen etabliert: die effiziente Nutzung von Ressourcen und Abfallwirtschaft, Land und Biodiversit\u00e4t, Energie, Ozeane und Wasser; die &#8220;S\u00e4ulen des Lebens&#8221;, in den Worten von EU-Kommissar f\u00fcr Umwelt Janez Potocnik.<\/p>\n<p>Potocnik waren realistisch und nicht optimistisch die Sitzung durch das Gewicht der Wirtschafts- und Finanzkrise, sondern betont die Bedeutung der Nachhaltigkeit, seit in der Umgebung &#8220;sowie der Finanzsektor wird verwendet mehr als das, was Sie haben, dann k\u00f6nnen Sie schmerzhaft sein ihn zur\u00fcckzahlen&#8221;.<\/p>\n<p>Andere Probleme, die auf dem Tisch f\u00fcr Rio + 20 werden ist die Etablierung von Ziele oder Ziele f\u00fcr nachhaltige Entwicklung von der internationalen Gemeinschaft, eine Idee auf dem Potocnik wurde zu bevorzugen, aber das gibt es nicht gen\u00fcgend Konsens.<\/p>\n<p>Der spanischen Staatssekret\u00e4r wies darauf hin, dass es besteht Interesse an solchen Ma\u00dfnahmen, aber es gibt noch viele Widerst\u00e4nde und Probleme durch mehrere L\u00e4nder, die es schwer machen erreichen eine Vereinbarung in diesem Sinne in Rio + 20.<\/p>\n<p>Betont In jedem Fall Ramos, die europ\u00e4ischen L\u00e4nder klar sind, dass die Konferenz &#8220;zum hinterlassen einer Nachricht von Engagement f\u00fcr nachhaltige Entwicklung hat&#8221; und dass es aus diesem Grund funktioniert.EFE<\/p>\n","protected":false},"excerpt":{"rendered":"<p>Horsens (D\u00e4nemark), 19 APR (EFE).-der Europ\u00e4ischen Union ( EU) wird weltweit auf der n\u00e4chsten Konferenz der Vereinten Nationen \u00fcber nachhaltige Entwicklung, Rio + 20 zu einer umweltfreundlichen Wirtschaft \u00f6kologisch und sozial integrativen verschieben vorschlagen. &#8220;Erstellen eine gr\u00fcnen Wirtschaft und integrative f\u00fcr den Bau einer nachhaltige Entwicklung&#8221;, dies ist das Rezept, das die EU verteidigen wird, [&hellip;]<\/p>\n","protected":false},"author":1,"featured_media":0,"comment_status":"close","ping_status":"open","sticky":false,"template":"","format":"standard","meta":{"footnotes":""},"categories":[3],"tags":[],"class_list":["post-36849","post","type-post","status-publish","format-standard","hentry","category-allgemeine","et-doesnt-have-format-content","et_post_format-et-post-format-standard"],"_links":{"self":[{"href":"https:\/\/www.best-dentist-dentistry.com\/de\/wp-json\/wp\/v2\/posts\/36849","targetHints":{"allow":["GET"]}}],"collection":[{"href":"https:\/\/www.best-dentist-dentistry.com\/de\/wp-json\/wp\/v2\/posts"}],"about":[{"href":"https:\/\/www.best-dentist-dentistry.com\/de\/wp-json\/wp\/v2\/types\/post"}],"author":[{"embeddable":true,"href":"https:\/\/www.best-dentist-dentistry.com\/de\/wp-json\/wp\/v2\/users\/1"}],"replies":[{"embeddable":true,"href":"https:\/\/www.best-dentist-dentistry.com\/de\/wp-json\/wp\/v2\/comments?post=36849"}],"version-history":[{"count":0,"href":"https:\/\/www.best-dentist-dentistry.com\/de\/wp-json\/wp\/v2\/posts\/36849\/revisions"}],"wp:attachment":[{"href":"https:\/\/www.best-dentist-dentistry.com\/de\/wp-json\/wp\/v2\/media?parent=36849"}],"wp:term":[{"taxonomy":"category","embeddable":true,"href":"https:\/\/www.best-dentist-dentistry.com\/de\/wp-json\/wp\/v2\/categories?post=36849"},{"taxonomy":"post_tag","embeddable":true,"href":"https:\/\/www.best-dentist-dentistry.com\/de\/wp-json\/wp\/v2\/tags?post=36849"}],"curies":[{"name":"wp","href":"https:\/\/api.w.org\/{rel}","templated":true}]}}