{"id":36863,"date":"2013-04-13T02:35:13","date_gmt":"2013-04-13T02:35:13","guid":{"rendered":null},"modified":"-0001-11-30T00:00:00","modified_gmt":"-0001-11-30T00:00:00","slug":"joan-march-workers-trap-in-the-hospital-from-monday","status":"publish","type":"post","link":"https:\/\/www.best-dentist-dentistry.com\/de\/joan-march-workers-trap-in-the-hospital-from-monday\/36863","title":{"rendered":"joan march workers trap in the hospital from monday"},"content":{"rendered":"<p class=\"first\"> PALMA DE Mallorca, 30 (EUROPA PRESS)<\/p>\n<p><span class=\"yshortcuts\" id=\"lw_1335814937_4\"> Arbeitnehmer<\/span> <span class=\"yshortcuts\" id=\"lw_1335814937_0\"> Krankenhaus Joan March<\/span> &#8220;Trap&#8221; von diesem Montag um 10 Uhr auf dem Krankenhaus-Gel\u00e4nde als Protest gegen die Schlie\u00dfung k\u00fcndigte Montag von der <span class=\"yshortcuts\" id=\"lw_1335814937_5\"> Regierung<\/span> unter dem Plan f\u00fcr <span class=\"yshortcuts\" id=\"lw_1335814937_3\"> wirtschaftliche Gleichgewicht<\/span> und durch die Tatsache nicht bekommen &#8220;keine Erkl\u00e4rung&#8221; in diesem Zusammenhang von der regionalen Verwaltung.<\/p>\n<p>Wie Europa Press Quellen des Abschnitts Gewerkschaft CCOO CAIB, berichtet die rund 200 Mitarbeiter des Zentrums haben beschlossen eingesperrt auf unbestimmte Zeit eine &#8220;gegen die Schlie\u00dfung des Krankenhauses&#8221; und &#8220;unzureichende Information&#8221; die rund 200 Mitarbeiter in dieser Hinsicht erhalten haben.<\/p>\n<p>, Jedoch haben es klar, dass der Protest nicht alle Mitarbeiter beteiligt sind, da sie nicht wollen, dass dieses Gesetz Folgen f\u00fcr Benutzer des Krankenhauses hat, also die Unterst\u00fctzung h\u00e4ngt Verschiebungen von jedem Professional.<\/p>\n<p>In diesem Sinne haben sie kritisiert, die noch nicht wissen, was passiert mit den Arbeitnehmern, Joan March, beide im Allgemeinen Krankenhaus, und sie gaben an, dass sie am Mittwoch eine Assembly halten werden, die entscheiden, welche Anspr\u00fcche an die Regierung gesendet werden.<\/p>\n<p>&#8220;Hoffnung, dass die Verwaltung nach der Versammlung am Mittwoch, Antworten auf die Fragen geben, was wir tun, weil sie keine klare Antwort nicht gegeben haben&#8221;. Auch, zeitgleich mit der Schliessung, hing an der Vorderseite des Geh\u00e4uses eine schwarze Schleife als Symbol f\u00fcr die Verteidigung der \u00f6ffentlichen Dienstleistungen.<\/p>\n","protected":false},"excerpt":{"rendered":"<p>PALMA DE Mallorca, 30 (EUROPA PRESS) Arbeitnehmer Krankenhaus Joan March &#8220;Trap&#8221; von diesem Montag um 10 Uhr auf dem Krankenhaus-Gel\u00e4nde als Protest gegen die Schlie\u00dfung k\u00fcndigte Montag von der Regierung unter dem Plan f\u00fcr wirtschaftliche Gleichgewicht und durch die Tatsache nicht bekommen &#8220;keine Erkl\u00e4rung&#8221; in diesem Zusammenhang von der regionalen Verwaltung. Wie Europa Press Quellen [&hellip;]<\/p>\n","protected":false},"author":1,"featured_media":0,"comment_status":"close","ping_status":"open","sticky":false,"template":"","format":"standard","meta":{"footnotes":""},"categories":[3],"tags":[46691],"class_list":["post-36863","post","type-post","status-publish","format-standard","hentry","category-allgemeine","tag-zugeschnitten","et-doesnt-have-format-content","et_post_format-et-post-format-standard"],"_links":{"self":[{"href":"https:\/\/www.best-dentist-dentistry.com\/de\/wp-json\/wp\/v2\/posts\/36863","targetHints":{"allow":["GET"]}}],"collection":[{"href":"https:\/\/www.best-dentist-dentistry.com\/de\/wp-json\/wp\/v2\/posts"}],"about":[{"href":"https:\/\/www.best-dentist-dentistry.com\/de\/wp-json\/wp\/v2\/types\/post"}],"author":[{"embeddable":true,"href":"https:\/\/www.best-dentist-dentistry.com\/de\/wp-json\/wp\/v2\/users\/1"}],"replies":[{"embeddable":true,"href":"https:\/\/www.best-dentist-dentistry.com\/de\/wp-json\/wp\/v2\/comments?post=36863"}],"version-history":[{"count":0,"href":"https:\/\/www.best-dentist-dentistry.com\/de\/wp-json\/wp\/v2\/posts\/36863\/revisions"}],"wp:attachment":[{"href":"https:\/\/www.best-dentist-dentistry.com\/de\/wp-json\/wp\/v2\/media?parent=36863"}],"wp:term":[{"taxonomy":"category","embeddable":true,"href":"https:\/\/www.best-dentist-dentistry.com\/de\/wp-json\/wp\/v2\/categories?post=36863"},{"taxonomy":"post_tag","embeddable":true,"href":"https:\/\/www.best-dentist-dentistry.com\/de\/wp-json\/wp\/v2\/tags?post=36863"}],"curies":[{"name":"wp","href":"https:\/\/api.w.org\/{rel}","templated":true}]}}