{"id":36901,"date":"2013-04-13T02:41:24","date_gmt":"2013-04-13T02:41:24","guid":{"rendered":null},"modified":"-0001-11-30T00:00:00","modified_gmt":"-0001-11-30T00:00:00","slug":"a-reference-of-villalobos-to-the-machismo-generates-an-anger-in-congress","status":"publish","type":"post","link":"https:\/\/www.best-dentist-dentistry.com\/de\/a-reference-of-villalobos-to-the-machismo-generates-an-anger-in-congress\/36901","title":{"rendered":"Ein Verweis Villalobos auf den Macho generiert eine Wut im Kongress"},"content":{"rendered":"<p class=\"first\"> Madrid, 17. Mai (EFE).-eine Kreuzung von Anschuldigungen und Entschuldigungen hat die Debatte im Kongress \u00fcber die Gesundheitsreform zu pers\u00f6nlich PSOE Jos\u00e9 Mart\u00ednez Olmos Stellvertreter von der Vizepr\u00e4sident des Kongresses, Celia Villalobos, zu f\u00fchlen, wer die &#8220;\u00fcberm\u00e4\u00dfig sexistischen reden von M\u00e4nnern&#8221; kritisiert hat spritzte.<\/p>\n<p>Bei der Bewertung des Real Decreto-Sostenilibidad des Gesundheitssystems, der Minister f\u00fcr Gesundheit, soziale Dienste und Geschlechter, Ana Mato, hat gestanden, Gef\u00fchl ver\u00e4rgert durch den Ton der Intervention von Martinez Olmos, wer seine &#8220;Inkompetenz&#8221; als Leiter des Bereiches angeprangert hat.<\/p>\n<p>Mato hat darauf hingewiesen, dass es &#8220;wesentlich, den politischen Gegner zu respektieren&#8221; und deplored, dass einige &#8220;wei\u00df nicht, werden zu diesem Anlass zu steigen&#8221;.<\/p>\n<p>&#8220;Sie Lehrer an Demagogie aber den schlechtesten Studenten in was bezieht sich auf die Behandlung von Personen, und zeigen Sie es, wenn Sie in diesem Haus erscheinen&#8221;, hat Mato bereut.<\/p>\n<p>Ihrerseits hat der Sozialistenf\u00fchrer den richtigen Ton f\u00fcr ihre Kritik des Ministers, dass die eigenen Villalobos nicht ihm Aufmerksamkeit zu jedem Zeitpunkt in Ihrer Rede aufgerufen hatte gerechtfertigt.<\/p>\n<p>&#8220;Wird nicht m\u00f6glich um zu sagen, dass ich es, ohne Respekt versucht habe; Ich habe eine Kritik an seiner Inkompetenz als Minister f\u00fcr Gesundheit, denn es die Gesundheit der Spanier sch\u00e4digt&#8221;, hat behauptet Martinez Olmos.<\/p>\n<p>Diese Worte hat der Vizepr\u00e4sident des Kongresses, die damals die Diskussion nach Anh\u00f6rung Proteste von einigen Mitgliedern der PP. moderiert beantwortet<\/p>\n<p>&#8220;Herr Mart\u00ednez bin zutiefst Respekt f\u00fcr die Ansichten aller in diesem Haus; Ich habe f\u00fcnfundzwanzig Jahre, wie ich oder nicht, wie mir oder m\u00e4nnliche Chauvinisten scheinen \u00fcberm\u00e4\u00dfig einige reden von einigen M\u00e4nnern in diesem Haus&#8221;, sagte Villalobos.<\/p>\n<p>Der Zwistigkeiten ist auf den B\u00e4nken beider Gruppen auf die Intervention der Generalsekret\u00e4re der beiden Parteien gef\u00fchrt hat, die Positionen ihrer jeweiligen F\u00fchrer zu verteidigen ausgedehnt worden.<\/p>\n<p>Reaktion, ist die Villalobos herangekommen Martinez Olmos zu entschuldigen, wenn &#8220;es durch die sexistische beleidigt hatte&#8221; und dieser Ausdruck entfernt.<\/p>\n<p>Die Kontroverse \u00fcber soziale Netzwerke, ausgebreitet hat, da viele Mitglieder haben es \u00fcber Twitter zu verbreiten.<\/p>\n","protected":false},"excerpt":{"rendered":"<p>Madrid, 17. Mai (EFE).-eine Kreuzung von Anschuldigungen und Entschuldigungen hat die Debatte im Kongress \u00fcber die Gesundheitsreform zu pers\u00f6nlich PSOE Jos\u00e9 Mart\u00ednez Olmos Stellvertreter von der Vizepr\u00e4sident des Kongresses, Celia Villalobos, zu f\u00fchlen, wer die &#8220;\u00fcberm\u00e4\u00dfig sexistischen reden von M\u00e4nnern&#8221; kritisiert hat spritzte. Bei der Bewertung des Real Decreto-Sostenilibidad des Gesundheitssystems, der Minister f\u00fcr Gesundheit, [&hellip;]<\/p>\n","protected":false},"author":1,"featured_media":0,"comment_status":"close","ping_status":"open","sticky":false,"template":"","format":"standard","meta":{"footnotes":""},"categories":[3],"tags":[46711],"class_list":["post-36901","post","type-post","status-publish","format-standard","hentry","category-allgemeine","tag-flchtige","et-doesnt-have-format-content","et_post_format-et-post-format-standard"],"_links":{"self":[{"href":"https:\/\/www.best-dentist-dentistry.com\/de\/wp-json\/wp\/v2\/posts\/36901","targetHints":{"allow":["GET"]}}],"collection":[{"href":"https:\/\/www.best-dentist-dentistry.com\/de\/wp-json\/wp\/v2\/posts"}],"about":[{"href":"https:\/\/www.best-dentist-dentistry.com\/de\/wp-json\/wp\/v2\/types\/post"}],"author":[{"embeddable":true,"href":"https:\/\/www.best-dentist-dentistry.com\/de\/wp-json\/wp\/v2\/users\/1"}],"replies":[{"embeddable":true,"href":"https:\/\/www.best-dentist-dentistry.com\/de\/wp-json\/wp\/v2\/comments?post=36901"}],"version-history":[{"count":0,"href":"https:\/\/www.best-dentist-dentistry.com\/de\/wp-json\/wp\/v2\/posts\/36901\/revisions"}],"wp:attachment":[{"href":"https:\/\/www.best-dentist-dentistry.com\/de\/wp-json\/wp\/v2\/media?parent=36901"}],"wp:term":[{"taxonomy":"category","embeddable":true,"href":"https:\/\/www.best-dentist-dentistry.com\/de\/wp-json\/wp\/v2\/categories?post=36901"},{"taxonomy":"post_tag","embeddable":true,"href":"https:\/\/www.best-dentist-dentistry.com\/de\/wp-json\/wp\/v2\/tags?post=36901"}],"curies":[{"name":"wp","href":"https:\/\/api.w.org\/{rel}","templated":true}]}}