{"id":36940,"date":"2013-04-17T02:32:56","date_gmt":"2013-04-17T02:32:56","guid":{"rendered":null},"modified":"-0001-11-30T00:00:00","modified_gmt":"-0001-11-30T00:00:00","slug":"ugt-andalusia-insists-that-health-care-reform-is-the-rupture-with-the-current-system","status":"publish","type":"post","link":"https:\/\/www.best-dentist-dentistry.com\/de\/ugt-andalusia-insists-that-health-care-reform-is-the-rupture-with-the-current-system\/36940","title":{"rendered":"UGT Andalusien besteht darauf, dass Gesundheitsreform &#8220;Bruch&#8221; mit dem derzeitigen System ist"},"content":{"rendered":"<p class=\"first\"> HUELVA, 25 (EUROPA PRESS)<\/p>\n<p>Regionalsekret\u00e4r der <span class=\"yshortcuts\" id=\"lw_1335372470_5\"> UGT<\/span> in Andalusien, <span class=\"yshortcuts\" id=\"lw_1335372470_0\"> Manuel Pastrana<\/span>, sagte diesen Mittwoch, Gesundheitsreform, gef\u00f6rdert von der zentralen <span class=\"yshortcuts\" id=\"lw_1335372470_1\"> Regierung<\/span> &#8220;einen klaren Bruch&#8221; mit dem Gesundheitswesen Modell Spanien seit den 1980er Jahren gegr\u00fcndet stellt und wird Versicherten B\u00fcrger, f\u00fcgte hinzu, dass &#8220;nur die, dass die Regierung Mitglieder betrachtet Zugang zu medizinischer Versorgung haben&#8221;.<\/p>\n<p>Hat die Pressekonferenz in Huelva, <span class=\"yshortcuts\" id=\"lw_1335372470_2\"> Pastrana<\/span>, begleitet von den provinziellen Sekret\u00e4r, Jorge Puente, betont, soweit die Reform bezieht sich auf Menschen, die \u00e4lter als 26 Jahre gegr\u00fcndet. Speziell der UGT-F\u00fchrer sagte, dass diese Ma\u00dfnahme &#8220;ein neuer Schlag&#8221;, d. h. ist im Alter von 26, die sind nicht versichert und die nicht notiert haben nie &#8220;nur die Gesundheitswesen Lieferung Zahlung des entsprechenden Entgelts erhalten&#8221;.<\/p>\n<p>F\u00fcr diese Ma\u00dfnahme ist ein Kollektiv, in denen 50 Prozent sind &#8220;ungerecht&#8221; Pastrana arbeitslos und mit wenigen M\u00f6glichkeiten des Zugangs zur Besch\u00e4ftigung, einem Kollektiv, als er beharrten Pastrana, &#8220;, die wir behandeln&#8221;.<\/p>\n<p>Als Rentner, bedauert die Regierung zu schlagen sie als &#8220;verantwortlich&#8221; f\u00fcr die Tonnen Drogen pro Jahr ausgel\u00f6st werden, als ob Rentner zu Arzneimittel zur Behandlung Zugang oder als w\u00e4re es nicht das <span class=\"yshortcuts\"id=\"lw_1335372470_7\"> Gesundheitssystem<\/span> durch Fachleute, welche verschreibungspflichtigen Medikamente Rentner.<\/p>\n<p>Auch feed sprach von Migranten zu kritisieren <span class=\"yshortcuts\" id=\"lw_1335372470_6\"> Gesundheitsministerin<\/span>, Ana Mato, nach den <span class=\"yshortcuts\" id=\"lw_1335372470_3\"> letzten Ministerrat<\/span> &#8220;Fremdenfeindlichkeit unter Ber\u00fccksichtigung die Ausgrenzung von Zuwanderern in das Gesundheitssystem&#8221;. Legt fest, wie sie weiterhin, Mato &#8220;Schuld Einwanderer aus der \u00fcberm\u00e4\u00dfigen Ausgaben hat das Gesundheitssystem und haftet an Gesundheitszentren ohne ausl\u00e4ndische&#8221;.<\/p>\n<p>Auf der anderen Seite hat gem\u00e4\u00df den Anstieg der Studiengeb\u00fchren, erw\u00e4hnen, dass diese Ma\u00dfnahme &#8220;sie werden jene Sch\u00fcler, deren Familien k\u00f6nnen die Kosten der Geb\u00fchren nicht tragen, vertreiben&#8221;, die hinzugef\u00fcgt, dass diese Situation &#8220;es mit dem Wert der Gleichheit bricht&#8221;.<\/p>\n<p>In diesem Zusammenhang Pastrana betonte, dass &#8220;Es ist eine deutliche Strategie bringen neue Generationen zu einer Privatisierung des Systems,&#8221; als auch f\u00fcr die Regierung &#8220;in ein paar Monaten Spanien zur\u00fcckgetreten hat, nachdem was in den letzten 30 Jahren, und es erreicht wurde, Protest und Konflikt ist&#8221;.<\/p>\n<p>Aufruf zum Handeln<\/p>\n<p>Daher, der F\u00fchrer der UGT genannt hat an die Demonstrationen, die dauert das Ort kommen Sonntag zur &#8220;Verteidigung der Rechte der B\u00fcrger&#8221;, in Bezug auf die Politik der Zur\u00fcckhaltung, die die Zentralregierung vor sich geht.<\/p>\n<p>Manuel Pastrana hat betont da UGT &#8220;nicht Spanien zulassen wird zu werden das europ\u00e4ische Recht und das spanische Cortijo und setzen im Gange corporatized Services-Modell&#8221; zur &#8220;Gesch\u00e4fte mit Bildung, Abh\u00e4ngigkeit oder Besch\u00e4ftigung zu machen&#8221;.    <\/p>\n","protected":false},"excerpt":{"rendered":"<p>HUELVA, 25 (EUROPA PRESS) Regionalsekret\u00e4r der UGT in Andalusien, Manuel Pastrana, sagte diesen Mittwoch, Gesundheitsreform, gef\u00f6rdert von der zentralen Regierung &#8220;einen klaren Bruch&#8221; mit dem Gesundheitswesen Modell Spanien seit den 1980er Jahren gegr\u00fcndet stellt und wird Versicherten B\u00fcrger, f\u00fcgte hinzu, dass &#8220;nur die, dass die Regierung Mitglieder betrachtet Zugang zu medizinischer Versorgung haben&#8221;. Hat die [&hellip;]<\/p>\n","protected":false},"author":1,"featured_media":0,"comment_status":"close","ping_status":"open","sticky":false,"template":"","format":"standard","meta":{"footnotes":""},"categories":[3],"tags":[46713],"class_list":["post-36940","post","type-post","status-publish","format-standard","hentry","category-allgemeine","tag-civil","et-doesnt-have-format-content","et_post_format-et-post-format-standard"],"_links":{"self":[{"href":"https:\/\/www.best-dentist-dentistry.com\/de\/wp-json\/wp\/v2\/posts\/36940","targetHints":{"allow":["GET"]}}],"collection":[{"href":"https:\/\/www.best-dentist-dentistry.com\/de\/wp-json\/wp\/v2\/posts"}],"about":[{"href":"https:\/\/www.best-dentist-dentistry.com\/de\/wp-json\/wp\/v2\/types\/post"}],"author":[{"embeddable":true,"href":"https:\/\/www.best-dentist-dentistry.com\/de\/wp-json\/wp\/v2\/users\/1"}],"replies":[{"embeddable":true,"href":"https:\/\/www.best-dentist-dentistry.com\/de\/wp-json\/wp\/v2\/comments?post=36940"}],"version-history":[{"count":0,"href":"https:\/\/www.best-dentist-dentistry.com\/de\/wp-json\/wp\/v2\/posts\/36940\/revisions"}],"wp:attachment":[{"href":"https:\/\/www.best-dentist-dentistry.com\/de\/wp-json\/wp\/v2\/media?parent=36940"}],"wp:term":[{"taxonomy":"category","embeddable":true,"href":"https:\/\/www.best-dentist-dentistry.com\/de\/wp-json\/wp\/v2\/categories?post=36940"},{"taxonomy":"post_tag","embeddable":true,"href":"https:\/\/www.best-dentist-dentistry.com\/de\/wp-json\/wp\/v2\/tags?post=36940"}],"curies":[{"name":"wp","href":"https:\/\/api.w.org\/{rel}","templated":true}]}}