{"id":37,"date":"2012-01-15T23:08:03","date_gmt":"2012-01-15T23:08:03","guid":{"rendered":null},"modified":"2012-01-15T23:08:03","modified_gmt":"2012-01-15T23:08:03","slug":"the-cermi-sympathizes-and-condemns-the-tragic-event-that-happened-in-valladolid","status":"publish","type":"post","link":"https:\/\/www.best-dentist-dentistry.com\/de\/the-cermi-sympathizes-and-condemns-the-tragic-event-that-happened-in-valladolid\/37","title":{"rendered":"Die CERMI sympathisiert und verurteilt das tragische Ereignis, das passiert in Valladolid."},"content":{"rendered":"<p><strong>The CERMI sympathisiert und verurteilt das tragische Ereignis, das passiert in Valladolid. <br \/><\/strong> <br \/><font size=\"2\"> <strong>Madrid, August 2011 &#8211;<\/strong> der Ausschuss Spanisch der Vertreter von Menschen mit Behinderungen (CERMI) bedauert zutiefst den j\u00fcngsten Vorfall in der drei Kinder mit Behinderungen ihr Leben tragischerweise verloren haben. <\/p>\n<p>Die CERMI f\u00fcr Behinderung \u00fcbertragen m\u00f6chte organisiert seine Solidarit\u00e4t mit den Familien der Opfer, mit F\u00fchrungsseilen f\u00fcr Frieden und Menschen Pfleger, bevor diese bedauerlichen Tatsachen, die nicht wiederholt werden soll. <\/p>\n<p>Da die CERMI fordert die zust\u00e4ndigen Beh\u00f6rden eine sorgf\u00e4ltige Untersuchung die Kl\u00e4rung des Sachverhalts so bald wie m\u00f6glich zu aktivieren, und das f\u00fchrt zu einer Verbesserung der Bedingungen in dem k\u00fcmmert sich um Menschen mit einem Risiko der Ausgrenzung. <\/p>\n<p><\/font><\/p>\n","protected":false},"excerpt":{"rendered":"<p>The CERMI sympathisiert und verurteilt das tragische Ereignis, das passiert in Valladolid. Madrid, August 2011 &#8211; der Ausschuss Spanisch der Vertreter von Menschen mit Behinderungen (CERMI) bedauert zutiefst den j\u00fcngsten Vorfall in der drei Kinder mit Behinderungen ihr Leben tragischerweise verloren haben. Die CERMI f\u00fcr Behinderung \u00fcbertragen m\u00f6chte organisiert seine Solidarit\u00e4t mit den Familien der [&hellip;]<\/p>\n","protected":false},"author":1,"featured_media":0,"comment_status":"closed","ping_status":"open","sticky":false,"template":"","format":"standard","meta":{"footnotes":""},"categories":[3],"tags":[310,314,309,316,317,311,315,312,319,318,313],"class_list":{"0":"post-37","1":"post","2":"type-post","3":"status-publish","4":"format-standard","5":"hentry","6":"category-allgemeine","7":"tag-cermi","8":"tag-das","9":"tag-die","10":"tag-ereignis","11":"tag-passiert","12":"tag-sympathisiert","13":"tag-tragische","14":"tag-und","15":"tag-valladolid","17":"tag-verurteilt","18":"et-doesnt-have-format-content","19":"et_post_format-et-post-format-standard"},"_links":{"self":[{"href":"https:\/\/www.best-dentist-dentistry.com\/de\/wp-json\/wp\/v2\/posts\/37","targetHints":{"allow":["GET"]}}],"collection":[{"href":"https:\/\/www.best-dentist-dentistry.com\/de\/wp-json\/wp\/v2\/posts"}],"about":[{"href":"https:\/\/www.best-dentist-dentistry.com\/de\/wp-json\/wp\/v2\/types\/post"}],"author":[{"embeddable":true,"href":"https:\/\/www.best-dentist-dentistry.com\/de\/wp-json\/wp\/v2\/users\/1"}],"replies":[{"embeddable":true,"href":"https:\/\/www.best-dentist-dentistry.com\/de\/wp-json\/wp\/v2\/comments?post=37"}],"version-history":[{"count":0,"href":"https:\/\/www.best-dentist-dentistry.com\/de\/wp-json\/wp\/v2\/posts\/37\/revisions"}],"wp:attachment":[{"href":"https:\/\/www.best-dentist-dentistry.com\/de\/wp-json\/wp\/v2\/media?parent=37"}],"wp:term":[{"taxonomy":"category","embeddable":true,"href":"https:\/\/www.best-dentist-dentistry.com\/de\/wp-json\/wp\/v2\/categories?post=37"},{"taxonomy":"post_tag","embeddable":true,"href":"https:\/\/www.best-dentist-dentistry.com\/de\/wp-json\/wp\/v2\/tags?post=37"}],"curies":[{"name":"wp","href":"https:\/\/api.w.org\/{rel}","templated":true}]}}