{"id":37073,"date":"2013-04-20T02:46:03","date_gmt":"2013-04-20T02:46:03","guid":{"rendered":null},"modified":"-0001-11-30T00:00:00","modified_gmt":"-0001-11-30T00:00:00","slug":"venezuelas-chavez-shown-in-public-for-the-first-since-april","status":"publish","type":"post","link":"https:\/\/www.best-dentist-dentistry.com\/de\/venezuelas-chavez-shown-in-public-for-the-first-since-april\/37073","title":{"rendered":"Venezuelas Chavez gezeigt in der \u00d6ffentlichkeit erstmals seit April"},"content":{"rendered":"<p class=\"first\"> <span class=\"yshortcuts\" id=\"lw_1338662049_1\"> CARACAS<\/span> (Reuters) &#8211; <span class=\"yshortcuts\" id=\"lw_1338662049_5\"> Venezolanischen Pr\u00e4sidenten<\/span> <span class=\"yshortcuts\" id=\"lw_1338662049_0\"> Hugo Ch\u00e1vez<\/span>, der f\u00fcr Krebs behandelt wird, wurde in der \u00d6ffentlichkeit gezeigt, Samstag zum ersten Mal seit April nach einem Treffen mit einer Delegation der belarussischen Regierung.<\/p>\n<p>Chavez hatte Auftritte auf Fernsehen in dem gerichtete Treffen der Minister f\u00fcr sitzen, aber die Presse hatten keinen Zugang.<\/p>\n<p>Die Abwesenheit des Chavez, wer die Informationen \u00fcber seine Krankheit geheim gehalten hat tendenziell aufwachen allerlei Spekulationen in Venezuela<\/p>\n<p>In the Act trug d\u00fcnn, Fernglas gelehrt, dass Wei\u00dfrussen ihm gab und verk\u00fcndete Pl\u00e4ne, die im Gange sind.<\/p>\n<p>Der Pr\u00e4sident, 57 Jahre alten erwartet hatte, dass es gehen wird, seine Auftritte zum Wiedererlangen ihrer Gesundheit und die Adresse des Wahlkampfes f\u00fcr den 7.10. Wahlen in die Wiederwahl wird<\/p>\n<p>(Bericht von Deisy Buitrago, geschrieben von Mario Naranjo)<\/p>\n","protected":false},"excerpt":{"rendered":"<p>CARACAS (Reuters) &#8211; Venezolanischen Pr\u00e4sidenten Hugo Ch\u00e1vez, der f\u00fcr Krebs behandelt wird, wurde in der \u00d6ffentlichkeit gezeigt, Samstag zum ersten Mal seit April nach einem Treffen mit einer Delegation der belarussischen Regierung. Chavez hatte Auftritte auf Fernsehen in dem gerichtete Treffen der Minister f\u00fcr sitzen, aber die Presse hatten keinen Zugang. Die Abwesenheit des Chavez, [&hellip;]<\/p>\n","protected":false},"author":1,"featured_media":0,"comment_status":"close","ping_status":"open","sticky":false,"template":"","format":"standard","meta":{"footnotes":""},"categories":[3],"tags":[46770],"class_list":["post-37073","post","type-post","status-publish","format-standard","hentry","category-allgemeine","tag-happy","et-doesnt-have-format-content","et_post_format-et-post-format-standard"],"_links":{"self":[{"href":"https:\/\/www.best-dentist-dentistry.com\/de\/wp-json\/wp\/v2\/posts\/37073","targetHints":{"allow":["GET"]}}],"collection":[{"href":"https:\/\/www.best-dentist-dentistry.com\/de\/wp-json\/wp\/v2\/posts"}],"about":[{"href":"https:\/\/www.best-dentist-dentistry.com\/de\/wp-json\/wp\/v2\/types\/post"}],"author":[{"embeddable":true,"href":"https:\/\/www.best-dentist-dentistry.com\/de\/wp-json\/wp\/v2\/users\/1"}],"replies":[{"embeddable":true,"href":"https:\/\/www.best-dentist-dentistry.com\/de\/wp-json\/wp\/v2\/comments?post=37073"}],"version-history":[{"count":0,"href":"https:\/\/www.best-dentist-dentistry.com\/de\/wp-json\/wp\/v2\/posts\/37073\/revisions"}],"wp:attachment":[{"href":"https:\/\/www.best-dentist-dentistry.com\/de\/wp-json\/wp\/v2\/media?parent=37073"}],"wp:term":[{"taxonomy":"category","embeddable":true,"href":"https:\/\/www.best-dentist-dentistry.com\/de\/wp-json\/wp\/v2\/categories?post=37073"},{"taxonomy":"post_tag","embeddable":true,"href":"https:\/\/www.best-dentist-dentistry.com\/de\/wp-json\/wp\/v2\/tags?post=37073"}],"curies":[{"name":"wp","href":"https:\/\/api.w.org\/{rel}","templated":true}]}}