{"id":37103,"date":"2013-04-20T02:49:05","date_gmt":"2013-04-20T02:49:05","guid":{"rendered":null},"modified":"-0001-11-30T00:00:00","modified_gmt":"-0001-11-30T00:00:00","slug":"prince-philip-is-the-rock-of-isabel-ii-according-to-his-granddaughter","status":"publish","type":"post","link":"https:\/\/www.best-dentist-dentistry.com\/de\/prince-philip-is-the-rock-of-isabel-ii-according-to-his-granddaughter\/37103","title":{"rendered":"prince philip is the rock of isabel ii according to his granddaughter"},"content":{"rendered":"<p class=\"first\"> <span class=\"yshortcuts\" id=\"lw_1339257308_1\"> London<\/span>, 9 jun (EFE).-<span class=\"yshortcuts\" id=\"lw_1339257308_0\"> Der Prinz Philip<\/span> ist der &#8220;Rock&#8221; der K\u00f6nigin Isabel II und seine Abwesenheit w\u00e4hrend der Feier des Jubil\u00e4ums in London aus gesundheitlichen Gr\u00fcnden &#8220;eine absolute Sicherheit der souver\u00e4n sein sollte&#8221;, sagte heute der Prinzessin Eugenie, Enkelin von beiden.<\/p>\n<p>Eugenia, j\u00fcngste Tochter von Prinz Andrew und Sarah Ferguson, gem\u00e4\u00df seiner Gro\u00dfeltern in einer Erkl\u00e4rung an die Presse-Stunden vor der Teilnahme an einer Fahrradtour in die britische Hauptstadt f\u00fcr wohlt\u00e4tige Zwecke.<\/p>\n<p>Journalisten befragt, Eugenia beschrieben die letzten Feiern zum Jubil\u00e4um des Diamanten, Isabel II., der feiert 60 Jahre auf dem Thron, als &#8220;ein tolles Erlebnis&#8221; und dankte f\u00fcr Zeichen der Zuneigung, die seine Gro\u00dfmutter empfangen.<\/p>\n<p>&#8220;Ich war erstaunt \u00fcber die Menge an Liebe, Unterst\u00fctzung und Dankbarkeit, die jeder f\u00fcr meine Oma hat&#8221;, sagte 22-j\u00e4hrige.<\/p>\n<p>Aus seiner Sicht das Fehlen in einigen der Feste der Duke of Edinburgh &#8211; heute kam aus dem Krankenhaus die trat er am Montag durch eine Blasenentz\u00fcndung &#8211; gewesen &#8220;eine Herausforderung&#8221; f\u00fcr die K\u00f6nigin, die die Prinzessin sagte, viel abh\u00e4ngt.<\/p>\n<p>&#8220;Sind ein paar viel Schiefer. &#8220;Gro\u00dfvater leider wurde krank und sicherlich f\u00fcr OMA, ausgehen und alles, was allein, wahrscheinlich war eine absolute Sicherheit, da es wirklich seinen Rock und sie davon zu tun&#8221;, erkl\u00e4rt.<\/p>\n<p>Prinz Philip, das Morgen 91 Jahre alt ist, ging verloren, unter anderem, das Gala Konzert statt am Montag vor Buckingham Palace, Zeuge von mehr als die H\u00e4lfte 1 Million Menschen und die Stars wie Tom Jones, Paul McCartney oder Grace Jones gehandelt.<\/p>\n<p>Ja aber besuchte am Vortag, die Parade von mehr als tausend Schiffe auf der Themse und d\u00fcrfte jetzt entlassen hat, bald die offizielle Verpflichtungen neugegr\u00fcndet.<\/p>\n<p>Dar\u00fcber hinaus die Prinzessin Eugenia tritt heute mit anderen ein Fahrrad von London im Lichte der Moon-Tour um Mittel f\u00fcr die National Hospital der Orthop\u00e4die, wo sie selbst, der an Skoliose leidet, betrieben wurde, war er 12 Jahre alt, Ihre Wirbels\u00e4ule zu begradigen.<\/p>\n","protected":false},"excerpt":{"rendered":"<p>London, 9 jun (EFE).- Der Prinz Philip ist der &#8220;Rock&#8221; der K\u00f6nigin Isabel II und seine Abwesenheit w\u00e4hrend der Feier des Jubil\u00e4ums in London aus gesundheitlichen Gr\u00fcnden &#8220;eine absolute Sicherheit der souver\u00e4n sein sollte&#8221;, sagte heute der Prinzessin Eugenie, Enkelin von beiden. Eugenia, j\u00fcngste Tochter von Prinz Andrew und Sarah Ferguson, gem\u00e4\u00df seiner Gro\u00dfeltern in [&hellip;]<\/p>\n","protected":false},"author":1,"featured_media":0,"comment_status":"close","ping_status":"open","sticky":false,"template":"","format":"standard","meta":{"footnotes":""},"categories":[3],"tags":[],"class_list":["post-37103","post","type-post","status-publish","format-standard","hentry","category-allgemeine","et-doesnt-have-format-content","et_post_format-et-post-format-standard"],"_links":{"self":[{"href":"https:\/\/www.best-dentist-dentistry.com\/de\/wp-json\/wp\/v2\/posts\/37103","targetHints":{"allow":["GET"]}}],"collection":[{"href":"https:\/\/www.best-dentist-dentistry.com\/de\/wp-json\/wp\/v2\/posts"}],"about":[{"href":"https:\/\/www.best-dentist-dentistry.com\/de\/wp-json\/wp\/v2\/types\/post"}],"author":[{"embeddable":true,"href":"https:\/\/www.best-dentist-dentistry.com\/de\/wp-json\/wp\/v2\/users\/1"}],"replies":[{"embeddable":true,"href":"https:\/\/www.best-dentist-dentistry.com\/de\/wp-json\/wp\/v2\/comments?post=37103"}],"version-history":[{"count":0,"href":"https:\/\/www.best-dentist-dentistry.com\/de\/wp-json\/wp\/v2\/posts\/37103\/revisions"}],"wp:attachment":[{"href":"https:\/\/www.best-dentist-dentistry.com\/de\/wp-json\/wp\/v2\/media?parent=37103"}],"wp:term":[{"taxonomy":"category","embeddable":true,"href":"https:\/\/www.best-dentist-dentistry.com\/de\/wp-json\/wp\/v2\/categories?post=37103"},{"taxonomy":"post_tag","embeddable":true,"href":"https:\/\/www.best-dentist-dentistry.com\/de\/wp-json\/wp\/v2\/tags?post=37103"}],"curies":[{"name":"wp","href":"https:\/\/api.w.org\/{rel}","templated":true}]}}