{"id":37118,"date":"2013-04-24T02:39:25","date_gmt":"2013-04-24T02:39:25","guid":{"rendered":null},"modified":"-0001-11-30T00:00:00","modified_gmt":"-0001-11-30T00:00:00","slug":"morales-opened-with-a-politico-folclorico-act-meetings-prior-to-the-assembly-of-the-oas","status":"publish","type":"post","link":"https:\/\/www.best-dentist-dentistry.com\/de\/morales-opened-with-a-politico-folclorico-act-meetings-prior-to-the-assembly-of-the-oas\/37118","title":{"rendered":"Morales er\u00f6ffnete mit einer politisch Folklorico Act treffen vor der Montage der OAS"},"content":{"rendered":"<p class=\"first\"> Cochabamba (Bolivien), 3 jun (EFE).-heute er\u00f6ffnet dem bolivianischen Pr\u00e4sidenten Evo Morales, die Sitzungen vor der Er\u00f6ffnung der Generalversammlung der OAS mit Akt politisch-Folklorico, wo er seine These, die wiederholte &#8220;Kapitalismus zusammenbrechen&#8221;.<\/p>\n<p>Gehaltene Gruppen von T\u00e4nzern und Musikern, Gedichte Recitadoras und Vertreter der linken von benachbarten L\u00e4ndern trafen sich in der sogenannten &#8220;Sozialgipfel&#8221;, f\u00fcr ein wenig mehr als eine Stunde in einer Universit\u00e4t Coliseum.<\/p>\n<p>Der bolivianischen Pr\u00e4sidenten kritisiert internationale Zusammenarbeit uns und vor allem Spenden von Lebensmitteln wie Weizen f\u00fcr die armen L\u00e4nder wie Bolivien.<\/p>\n<p>&#8220;Spende war nicht aus Solidarit\u00e4t, nicht f\u00fcr die Zusammenarbeit war, aber war eine Form der Herrschaft auf das bolivianische Volk durch den Magen&#8221;, sagte Morales, damals, die &#8220;\u00f6ffentlich&#8221; des argentinischen Pr\u00e4sidenten, Cristina Fern\u00e1ndez, Ihre Hilfe in dieser Angelegenheit dankte: &#8220;Wir verkauft Ausstattung, schnell, so dass die Pfanne in Bolivien nicht verpassen&#8221;.<\/p>\n<p>&#8220;Leider, wir haben ein kapitalistisches System, das noch in Kraft ist, obwohl im Niedergang. Ich glaube, dass Kapitalismus zusammenbricht, &#8220;hinzugef\u00fcgt Morales.<\/p>\n<p>Der Organisation amerikanischer Staaten (OAS), der \u00e4lteste der regionalen Mechanismen, beginnt heute seine 42a. Generalversammlung, mit bemerkenswerten Absencen, darunter fast die H\u00e4lfte der lateinamerikanischen Au\u00dfenminister und die US Au\u00dfenministerin, Hillary Clinton,.<\/p>\n<p>Vertreter aus 34 s\u00fcdamerikanischen L\u00e4ndern, alle au\u00dfer Kuba, das nicht nach Jahrzehnten der Ausgrenzung zu der OAS zur\u00fcckkehren will, studierte bis Dienstag einen bolivianischen Vorschlag f\u00fcr &#8220;Food Security mit Souver\u00e4nit\u00e4t,&#8221; Allgemeines Konzept, das alle akzeptiert, obwohl jeder andere Bedeutung gibt.<\/p>\n<p>Der Generalsekret\u00e4r der OAS, der chilenischen Jos\u00e9 Miguel Insulzas, sagte in einer Sitzung-Parallel zur &#8220;Sozialgipfel&#8221; von Morales, Ern\u00e4hrungssicherung &#8220;eine der gr\u00f6\u00dften Herausforderungen f\u00fcr die Region&#8221;<\/p>\n<p>Darauf hingewiesen, dass in der Region gibt es 53 Millionen lateinamerikanischen und karibischen, 9 % der Bev\u00f6lkerung, die unter chronischem Hunger leiden, w\u00e4hrend paradoxerweise Aufstieg Nahrungsmittelproduktion und Ausfuhren.<\/p>\n","protected":false},"excerpt":{"rendered":"<p>Cochabamba (Bolivien), 3 jun (EFE).-heute er\u00f6ffnet dem bolivianischen Pr\u00e4sidenten Evo Morales, die Sitzungen vor der Er\u00f6ffnung der Generalversammlung der OAS mit Akt politisch-Folklorico, wo er seine These, die wiederholte &#8220;Kapitalismus zusammenbrechen&#8221;. Gehaltene Gruppen von T\u00e4nzern und Musikern, Gedichte Recitadoras und Vertreter der linken von benachbarten L\u00e4ndern trafen sich in der sogenannten &#8220;Sozialgipfel&#8221;, f\u00fcr ein wenig [&hellip;]<\/p>\n","protected":false},"author":1,"featured_media":0,"comment_status":"close","ping_status":"open","sticky":false,"template":"","format":"standard","meta":{"footnotes":""},"categories":[3],"tags":[46800,46799],"class_list":["post-37118","post","type-post","status-publish","format-standard","hentry","category-allgemeine","tag-act-treffen","tag-insulzas","et-doesnt-have-format-content","et_post_format-et-post-format-standard"],"_links":{"self":[{"href":"https:\/\/www.best-dentist-dentistry.com\/de\/wp-json\/wp\/v2\/posts\/37118","targetHints":{"allow":["GET"]}}],"collection":[{"href":"https:\/\/www.best-dentist-dentistry.com\/de\/wp-json\/wp\/v2\/posts"}],"about":[{"href":"https:\/\/www.best-dentist-dentistry.com\/de\/wp-json\/wp\/v2\/types\/post"}],"author":[{"embeddable":true,"href":"https:\/\/www.best-dentist-dentistry.com\/de\/wp-json\/wp\/v2\/users\/1"}],"replies":[{"embeddable":true,"href":"https:\/\/www.best-dentist-dentistry.com\/de\/wp-json\/wp\/v2\/comments?post=37118"}],"version-history":[{"count":0,"href":"https:\/\/www.best-dentist-dentistry.com\/de\/wp-json\/wp\/v2\/posts\/37118\/revisions"}],"wp:attachment":[{"href":"https:\/\/www.best-dentist-dentistry.com\/de\/wp-json\/wp\/v2\/media?parent=37118"}],"wp:term":[{"taxonomy":"category","embeddable":true,"href":"https:\/\/www.best-dentist-dentistry.com\/de\/wp-json\/wp\/v2\/categories?post=37118"},{"taxonomy":"post_tag","embeddable":true,"href":"https:\/\/www.best-dentist-dentistry.com\/de\/wp-json\/wp\/v2\/tags?post=37118"}],"curies":[{"name":"wp","href":"https:\/\/api.w.org\/{rel}","templated":true}]}}