{"id":37146,"date":"2013-04-24T02:42:11","date_gmt":"2013-04-24T02:42:11","guid":{"rendered":null},"modified":"-0001-11-30T00:00:00","modified_gmt":"-0001-11-30T00:00:00","slug":"the-acn-president-calls-on-governments-greater-involvement-in-mental-health","status":"publish","type":"post","link":"https:\/\/www.best-dentist-dentistry.com\/de\/the-acn-president-calls-on-governments-greater-involvement-in-mental-health\/37146","title":{"rendered":"Der ACN Pr\u00e4sident fordert st\u00e4rkere Einbeziehung der Regierungen in psychischen"},"content":{"rendered":"<p class=\"first\"> SANTA CRUZ DE TENERIFE, 8 (EUROPA PRESS)<\/p>\n<p>Der Pr\u00e4sident von der Association Canaria der Neuropsychiatrie (ACN), Francisco Rodriguez, poliert, Freitag unterstrich die Notwendigkeit, dass Regierungen eine st\u00e4rkere Einbeziehung in die psychische Gesundheit, weil Schnitte und Privatisierung &#8220;nicht ber\u00fccksichtigt die Bed\u00fcrfnisse der Bev\u00f6lkerung&#8221; und &#8220;unsympathisch&#8221;.<\/p>\n<p>So die Erkl\u00e4rung von Teneriffa ausgestellt hat, an den XXV Congress of Mental Health der nationalen Agentur f\u00fcr Neuropsychiatrie (AEN), gehalten in Adeje (Teneriffa), und wo morgen wird offiziell das Forum of Mental Health geboren und werden ver\u00f6ffentlicht.<\/p>\n<p>Francisco Rodriguez Pulido hat erkl\u00e4rt, dass diese Initiativen werden &#8220;ein vorher und ein nach &rsquo; innerhalb der psychischen Gesundheit in Spanien und ein Leitfaden f\u00fcr die Verteidigung eines Modells der psychischen Gesundheit&#8221; mehr Solidarit\u00e4t und in den Dienst der Gesellschaft als Ganzes &#8220;.<\/p>\n<p>Also, das Mental Health Forum entpuppt sich als eine Plattform und ein gemeinsamer Raum von verschiedenen Organisationen und Fachleute im psychischen, Patienten und Familien, Vereine, Hochschulen, unter anderen Gruppen gebildet. Ziel ist zu teilen, zu reflektieren und zu \u00e4u\u00dfern die Sorge, die vorhanden ist \u00fcber die aktuelle Situation der psychischen Gesundheit in Spanien. <\/p>\n<p>In diesem Zusammenhang die Einrichtung des Programms Forum sagt, dass &#8220;K\u00fcrzungen und Privatisierungen ein Modell basierend nur auf Dienstleistungen f\u00fcr Krankheit vertreten, beschlossen, im Voraus in Gesundheitsdiensten und ohne Ber\u00fccksichtigung der Bed\u00fcrfnisse der Bev\u00f6lkerung, nach Wer verwaltet und wo der Wettbewerb die Zusammenarbeit und den Markt Menschen ersetzt. Das Thema mit Geschichte, Werte und Rechte erh\u00e4lt der M\u00e4nner-Ware&#8221;.<\/p>\n<p>F\u00fcr Rodriguez poliert, &#8220;steht auf dem Spiel steht des Modells der Gesellschaft, in der wir leben wollen&#8221;, das hei\u00dft, warum dieses Forum f\u00fcr Wetten &#8220;eine gerechtere Gesellschaft, wo herrschen die Werte der Solidarit\u00e4t, Zusammenarbeit, Engagement, Partizipation, die es erm\u00f6glichen wird, die Rechte der gesamten Bev\u00f6lkerung zu befriedigen&#8221;.<\/p>\n<p>Erkl\u00e4rung von Teneriffa<\/p>\n<p>Derived aus der Verfassung der Forum der psychischen Gesundheit, XXV-Kongress von den AEN hat die Erkl\u00e4rung von Teneriffa, ein Grundsatzprogramm artikuliert in zehn Punkten zusammenfassen ein Modell der Geistesgesundheit Gemeinschaft und partizipative, fordert die Unterst\u00fctzung der Verwaltungen, die Leben der Patienten und ihrer Familien zu verbessern.<\/p>\n<p>Diese Aussage beruht auch auf einen Modell-gesundheitlichen die k\u00fcmmern sich um alle ohne Ausgrenzung und nicht-Ursprung der vergleichenden unerlaubter Handlung zwischen Individuen und den autonomen Gemeinschaften und Gemeinschaft \u00f6ffentliche Gesundheit unter Beteiligung von Fachleuten, Patienten und Familien in echte und effektive Weise, sowie durch die F\u00f6rderung der Pr\u00e4vention und Forschung verpflichtet.<\/p>\n<p>Also der zehnte und letzte Punkt der Erkl\u00e4rung Teneriffa sieht vor, dass &#8220;unseren Willen zur Zusammenarbeit als soziale Organisationen und B\u00fcrger gerichtet und hat Regierungen zu verklagen und verantwortlich f\u00fcr die Umsetzung der Ma\u00dfnahmen erforderlich, um bessere Leistungen in der psychischen Gesundheit Bildung der Bev\u00f6lkerung erhalten und f\u00f6rdern den Kampf gegen Stigmatisierung und Diskriminierung&#8221;.<\/p>\n","protected":false},"excerpt":{"rendered":"<p>SANTA CRUZ DE TENERIFE, 8 (EUROPA PRESS) Der Pr\u00e4sident von der Association Canaria der Neuropsychiatrie (ACN), Francisco Rodriguez, poliert, Freitag unterstrich die Notwendigkeit, dass Regierungen eine st\u00e4rkere Einbeziehung in die psychische Gesundheit, weil Schnitte und Privatisierung &#8220;nicht ber\u00fccksichtigt die Bed\u00fcrfnisse der Bev\u00f6lkerung&#8221; und &#8220;unsympathisch&#8221;. So die Erkl\u00e4rung von Teneriffa ausgestellt hat, an den XXV Congress [&hellip;]<\/p>\n","protected":false},"author":1,"featured_media":0,"comment_status":"close","ping_status":"open","sticky":false,"template":"","format":"standard","meta":{"footnotes":""},"categories":[3],"tags":[46807],"class_list":["post-37146","post","type-post","status-publish","format-standard","hentry","category-allgemeine","tag-balearen-govern-anforderungen","et-doesnt-have-format-content","et_post_format-et-post-format-standard"],"_links":{"self":[{"href":"https:\/\/www.best-dentist-dentistry.com\/de\/wp-json\/wp\/v2\/posts\/37146","targetHints":{"allow":["GET"]}}],"collection":[{"href":"https:\/\/www.best-dentist-dentistry.com\/de\/wp-json\/wp\/v2\/posts"}],"about":[{"href":"https:\/\/www.best-dentist-dentistry.com\/de\/wp-json\/wp\/v2\/types\/post"}],"author":[{"embeddable":true,"href":"https:\/\/www.best-dentist-dentistry.com\/de\/wp-json\/wp\/v2\/users\/1"}],"replies":[{"embeddable":true,"href":"https:\/\/www.best-dentist-dentistry.com\/de\/wp-json\/wp\/v2\/comments?post=37146"}],"version-history":[{"count":0,"href":"https:\/\/www.best-dentist-dentistry.com\/de\/wp-json\/wp\/v2\/posts\/37146\/revisions"}],"wp:attachment":[{"href":"https:\/\/www.best-dentist-dentistry.com\/de\/wp-json\/wp\/v2\/media?parent=37146"}],"wp:term":[{"taxonomy":"category","embeddable":true,"href":"https:\/\/www.best-dentist-dentistry.com\/de\/wp-json\/wp\/v2\/categories?post=37146"},{"taxonomy":"post_tag","embeddable":true,"href":"https:\/\/www.best-dentist-dentistry.com\/de\/wp-json\/wp\/v2\/tags?post=37146"}],"curies":[{"name":"wp","href":"https:\/\/api.w.org\/{rel}","templated":true}]}}