{"id":37160,"date":"2013-04-24T02:43:28","date_gmt":"2013-04-24T02:43:28","guid":{"rendered":null},"modified":"-0001-11-30T00:00:00","modified_gmt":"-0001-11-30T00:00:00","slug":"madrid-tops-the-list-of-regions-with-the-largest-number-of-private-health-insurances","status":"publish","type":"post","link":"https:\/\/www.best-dentist-dentistry.com\/de\/madrid-tops-the-list-of-regions-with-the-largest-number-of-private-health-insurances\/37160","title":{"rendered":"Madrid f\u00fchrt die Liste der Regionen mit der gr\u00f6\u00dften Anzahl von privaten Krankenversicherungen"},"content":{"rendered":"<p class=\"first\"> Barcelona, 11 jun (EFE).-Madrid ist die Gemeinde mit der gr\u00f6\u00dften Anzahl von Menschen mit einige Angestellte private Krankenversicherung, 36 %, gefolgt von Catalonia (32,8 %), Baskenland (28,9 %), Aragon (28,3 %) und Balearen (28 %), nach einem Bericht des Instituts f\u00fcr die Entwicklung und Integration der Gesundheit (IDIS) pr\u00e4sentierte heute.<\/p>\n<p>Der Gesundheitsminister der Generalitat von Katalonien, Boi Ruiz, wer die Tage ge\u00f6ffnet hat, sind die Bericht von IDIS, hat ausgeschlossen, dass der Anteil der Bev\u00f6lkerung, die private Gesundheit nutzen mit der aktuellen Wirtschaftslage oder K\u00fcrzungen betrifft.<\/p>\n<p>&#8220;Die Krise wirkt soziale Schichten, die nur den zus\u00e4tzlichen Aufwand nicht leisten k\u00f6nnen&#8221;, dass es eine Politik, betonte die Ministerin.<\/p>\n<p>&#8220;Private Gesundheit Wert&#8221; IDIS Bericht unterstreicht die wichtige Rolle des privaten Sektors, die 33 % der Krankenhausbetten und 51 % der spanischen Krankenh\u00e4user beitr\u00e4gt.<\/p>\n<p>Aufwand, die rund 2,5 % des BIP ist, leistet der Privatwirtschaft zur Erg\u00e4nzung der \u00f6ffentlichen Investitionen in Gesundheit, die liegt bei 7 %, und unterh\u00e4lt guten Gesundheit trotz der aktuellen Wirtschaftslage.<\/p>\n<p>&#8220;Private Gesundheit w\u00e4chst trotz der Krise&#8221;, heute der Generalsekret\u00e4r von IDIS, Juan Abarca, in der Pr\u00e4sentation des Berichts im Quiron Hospital in Barcelona hervorgehoben.<\/p>\n<p>Pr\u00e4mien in Spanien stieg um 3 % im Jahr 2011 in Bezug auf 2010, obwohl die Anzahl der gegenseitigen einen leichten Anstieg von 0,6 % im dritten Quartal 2011 gegen\u00fcber dem Vergleichszeitraum des Jahres 2011 aufgenommen.<\/p>\n<p>Der Bericht betont, dass private Gesundheit &#8220;Bindung&#8221; das \u00f6ffentliche Gesundheitswesen und stellt fest, dass Regionen mit gr\u00f6\u00dferen Durchdringung mit der gegenseitigen &#8211; Madrid, Katalonien und den Balearen &#8211; sind haben eine niedrigere Gesundheitsbudget.<\/p>\n<p>Die IDIS Bericht enth\u00e4lt ein Barometer auf die private Gesundheit, entwickelte sich aus einer Stichprobe von 2.179 Spanier, die zeigt, dass nur 10 % der Versicherten nicht nie das \u00f6ffentliche System verwendet hat.<\/p>\n<p>Die ophthalmologische Erkrankungen sowie Beratungen f\u00fcr gyn\u00e4kologische und dermatologische Probleme sind die beiden Hauptgr\u00fcnde, warum die Versicherten die Dienste von privaten Vorjahr verwendet.<\/p>\n<p>Der Bericht hebt hervor, dass der Durchschnitt der gegenseitigen Anteil in Spanien liegt bei 56 Euro im Monat, &#8220;l\u00e4cherlich&#8221; f\u00fcr den Generalsekret\u00e4r der IDIS, wenn man ber\u00fccksichtigt die Dienstequalit\u00e4t.<\/p>\n<p>Dem Bericht zufolge Befragten geben Hinweis private ges\u00fcnder, die f\u00fcr die \u00d6ffentlichkeit und legte eine 8,6 bei Spitaleintritt Pflege und eine 8 in die Notaufnahme.<\/p>\n<p>IDIS sammelt neun Versicherungen, 77 % der das Marktvolumen von Pr\u00e4mien und 120 Krankenh\u00e4usern die 25 % der privaten Krankenhaussektor ausmachen.<\/p>\n","protected":false},"excerpt":{"rendered":"<p>Barcelona, 11 jun (EFE).-Madrid ist die Gemeinde mit der gr\u00f6\u00dften Anzahl von Menschen mit einige Angestellte private Krankenversicherung, 36 %, gefolgt von Catalonia (32,8 %), Baskenland (28,9 %), Aragon (28,3 %) und Balearen (28 %), nach einem Bericht des Instituts f\u00fcr die Entwicklung und Integration der Gesundheit (IDIS) pr\u00e4sentierte heute. Der Gesundheitsminister der Generalitat von [&hellip;]<\/p>\n","protected":false},"author":1,"featured_media":0,"comment_status":"close","ping_status":"open","sticky":false,"template":"","format":"standard","meta":{"footnotes":""},"categories":[3],"tags":[46809,46810],"class_list":["post-37160","post","type-post","status-publish","format-standard","hentry","category-allgemeine","tag-kommende","tag-krankenversicherungen","et-doesnt-have-format-content","et_post_format-et-post-format-standard"],"_links":{"self":[{"href":"https:\/\/www.best-dentist-dentistry.com\/de\/wp-json\/wp\/v2\/posts\/37160","targetHints":{"allow":["GET"]}}],"collection":[{"href":"https:\/\/www.best-dentist-dentistry.com\/de\/wp-json\/wp\/v2\/posts"}],"about":[{"href":"https:\/\/www.best-dentist-dentistry.com\/de\/wp-json\/wp\/v2\/types\/post"}],"author":[{"embeddable":true,"href":"https:\/\/www.best-dentist-dentistry.com\/de\/wp-json\/wp\/v2\/users\/1"}],"replies":[{"embeddable":true,"href":"https:\/\/www.best-dentist-dentistry.com\/de\/wp-json\/wp\/v2\/comments?post=37160"}],"version-history":[{"count":0,"href":"https:\/\/www.best-dentist-dentistry.com\/de\/wp-json\/wp\/v2\/posts\/37160\/revisions"}],"wp:attachment":[{"href":"https:\/\/www.best-dentist-dentistry.com\/de\/wp-json\/wp\/v2\/media?parent=37160"}],"wp:term":[{"taxonomy":"category","embeddable":true,"href":"https:\/\/www.best-dentist-dentistry.com\/de\/wp-json\/wp\/v2\/categories?post=37160"},{"taxonomy":"post_tag","embeddable":true,"href":"https:\/\/www.best-dentist-dentistry.com\/de\/wp-json\/wp\/v2\/tags?post=37160"}],"curies":[{"name":"wp","href":"https:\/\/api.w.org\/{rel}","templated":true}]}}