{"id":37213,"date":"2013-04-27T02:40:33","date_gmt":"2013-04-27T02:40:33","guid":{"rendered":null},"modified":"-0001-11-30T00:00:00","modified_gmt":"-0001-11-30T00:00:00","slug":"castro-says-that-until-are-lists-are-beds-dureta-the-two-hospitals-will-not-close","status":"publish","type":"post","link":"https:\/\/www.best-dentist-dentistry.com\/de\/castro-says-that-until-are-lists-are-beds-dureta-the-two-hospitals-will-not-close\/37213","title":{"rendered":"Castro sagt, die bis &#8220;Listen sind Betten Dureta&#8221; sind die zwei Krankenh\u00e4user lassen sich nicht schlie\u00dfen"},"content":{"rendered":"<p class=\"first\"> PALMA DE MALLORCA, 13 (EUROPA PRESS)<\/p>\n<p>Der Minister f\u00fcr Gesundheit, Familie und Soziales der Balearen, Carmen Castro, hat am Mittwoch das nicht schlie\u00dfen, wird der General Hospital und Joan March bis alle Betten Son Dureta, versichert, wo voraussichtlich vereinheitlichen die Insel sozio-Gesundheitsversorgung sind bereit.<\/p>\n<p>Erkl\u00e4rte bei seinem Auftritt in der Gesundheitskommission zu erkl\u00e4ren, die Schnitte, die den im Plan enthaltenen Anpassung der Regierung, die Auswirkungen auf ihre Abteilung, Castro noch &#8220;fehlen einige Details&#8221; dieser Vereinigung von der Aufmerksamkeit, obwohl es daf\u00fcr gesorgt hat, es erlaubt, &#8220;gewinnen an Effizienz und Qualit\u00e4t der Versorgung&#8221;.<\/p>\n<p>In diesem Sinne hat hervorgehoben, dass &#8220;es keines Bett verringern wird oder jedes Programm verschwinden&#8221; die werden derzeit angeboten, in Krankenh\u00e4usern, die die Regierung herunterzufahren. &#8220;sie sind Ma\u00dfnahmen, die jeder, der sich nicht m\u00f6gen&#8221;, sagte der Minister, der f\u00fcgte hinzu, dass einige davon, wie eine Einsparung f\u00fcr die Gemeinschaft zu \u00fcbernehmen sowie im &#8220;Verbesserung der Aspekte wie soziale und gesundheitliche Hilfe&#8221; abgeleitet.<\/p>\n<p>Nicht <\/p>\n<p>jedoch seit Opposition kritisierten die &#8220;Improvisation&#8221; der Regierung die Schlie\u00dfung von Krankenh\u00e4usern. In diesem Sinne, der Sprecher der PSM-IV-ExM \/ Monat pro Menorca, Fina Santiago, kritisierte, dass die Exekutive geben geht vor, mit der Schlie\u00dfung von Krankenh\u00e4usern vorzugehen und ist nun Anspr\u00fcche, die es nicht bis zum &#8220;befinden&#8221; Dureta ausgef\u00fchrt wird. <\/p>\n","protected":false},"excerpt":{"rendered":"<p>PALMA DE MALLORCA, 13 (EUROPA PRESS) Der Minister f\u00fcr Gesundheit, Familie und Soziales der Balearen, Carmen Castro, hat am Mittwoch das nicht schlie\u00dfen, wird der General Hospital und Joan March bis alle Betten Son Dureta, versichert, wo voraussichtlich vereinheitlichen die Insel sozio-Gesundheitsversorgung sind bereit. Erkl\u00e4rte bei seinem Auftritt in der Gesundheitskommission zu erkl\u00e4ren, die Schnitte, [&hellip;]<\/p>\n","protected":false},"author":1,"featured_media":0,"comment_status":"close","ping_status":"open","sticky":false,"template":"","format":"standard","meta":{"footnotes":""},"categories":[3],"tags":[46828],"class_list":["post-37213","post","type-post","status-publish","format-standard","hentry","category-allgemeine","tag-verbandsgemeinde","et-doesnt-have-format-content","et_post_format-et-post-format-standard"],"_links":{"self":[{"href":"https:\/\/www.best-dentist-dentistry.com\/de\/wp-json\/wp\/v2\/posts\/37213","targetHints":{"allow":["GET"]}}],"collection":[{"href":"https:\/\/www.best-dentist-dentistry.com\/de\/wp-json\/wp\/v2\/posts"}],"about":[{"href":"https:\/\/www.best-dentist-dentistry.com\/de\/wp-json\/wp\/v2\/types\/post"}],"author":[{"embeddable":true,"href":"https:\/\/www.best-dentist-dentistry.com\/de\/wp-json\/wp\/v2\/users\/1"}],"replies":[{"embeddable":true,"href":"https:\/\/www.best-dentist-dentistry.com\/de\/wp-json\/wp\/v2\/comments?post=37213"}],"version-history":[{"count":0,"href":"https:\/\/www.best-dentist-dentistry.com\/de\/wp-json\/wp\/v2\/posts\/37213\/revisions"}],"wp:attachment":[{"href":"https:\/\/www.best-dentist-dentistry.com\/de\/wp-json\/wp\/v2\/media?parent=37213"}],"wp:term":[{"taxonomy":"category","embeddable":true,"href":"https:\/\/www.best-dentist-dentistry.com\/de\/wp-json\/wp\/v2\/categories?post=37213"},{"taxonomy":"post_tag","embeddable":true,"href":"https:\/\/www.best-dentist-dentistry.com\/de\/wp-json\/wp\/v2\/tags?post=37213"}],"curies":[{"name":"wp","href":"https:\/\/api.w.org\/{rel}","templated":true}]}}