{"id":37237,"date":"2013-04-27T02:42:32","date_gmt":"2013-04-27T02:42:32","guid":{"rendered":null},"modified":"-0001-11-30T00:00:00","modified_gmt":"-0001-11-30T00:00:00","slug":"msf-requests-that-the-eu-not-escude-in-the-crisis-to-abandon-immigrants","status":"publish","type":"post","link":"https:\/\/www.best-dentist-dentistry.com\/de\/msf-requests-that-the-eu-not-escude-in-the-crisis-to-abandon-immigrants\/37237","title":{"rendered":"\u00c4rzte ohne Grenzen fordert, dass die EU nicht Escude in der Krise, Immigranten zu verlassen"},"content":{"rendered":"<p class=\"first\"> Madrid, 18 jun (<span class=\"yshortcuts\" id=\"lw_1340016735_5\"> EFE<\/span>).-<span class=\"yshortcuts\" id=\"lw_1340016735_2\"> M\u00e9decins sans Fronti\u00e8res<\/span> (MSF) erfordert L\u00e4nder der Europ\u00e4ischen Union, darunter Spanien, um &#8220;eine minimale Prinzip der Humanit\u00e4t&#8221; mit denen, die als &#8220;illegale Einwanderer&#8221;, qualifiziert sind, wie die Wirtschaftskrise nicht rechtfertigt verlassen ohne Pflege &#8220;schw\u00e4chsten&#8221; zu erhalten.<\/p>\n<p>Diesem Appell hat in einem Interview mit Efe, Jos\u00e9 Antonio Bastos, Pr\u00e4sident von \u00c4rzte ohne Grenzen-Spanien und der Leiter der Au\u00dfenbeziehungen der NGO, Carlos Ugarte, die die Projekte der Pflege Immigranten in diesem Land koordiniert hat.<\/p>\n<p>, MSF arbeitet auch mit dieser Gruppe in anderen L\u00e4ndern der EU als Belgien, Italien, Frankreich und Griechenland, und in allen von ihnen, Notizen die Schwierigkeiten des Zugangs zu den Diensten der \u00f6ffentlichen Gesundheit mit &#8220;restriktive Politik, schwarzseherisch, Criminalizadoras, diskriminierende und unethische&#8221;, erkl\u00e4rt ihre K\u00f6pfe.<\/p>\n<p>Bastos gesagt den letzten Entscheidungen in Spanien, wo die Krankenversicherungskarte zu undokumentierten abgezogen werden wird, mehr als ihre &#8220;prek\u00e4r&#8221; Situation versch\u00e4rfen.<\/p>\n<p>Diese Richtlinien erkl\u00e4rte er, sind &#8220;gef\u00e4hrlich&#8221; f\u00fcr die \u00f6ffentliche Gesundheit, sondern sind meist &#8220;im Gegensatz zu Medizinethik&#8221; und &#8220;einen gro\u00dfen R\u00fcckschlag in der Achtung der Menschenw\u00fcrde&#8221; darstellen.<\/p>\n<p>Ugarte betont die Unrichtigkeit der vermerkt des \u00fcberm\u00e4\u00dfigen Ausgaben f\u00fcr Gesundheit f\u00fcr Einwanderer, weil sie einer jungen Bev\u00f6lkerung sind, die die Dienste der Gesundheit, nur f\u00fcnf Mal benutzt kleiner als ein national Patient schuldig, erkl\u00e4rt.<\/p>\n<p>Der Pr\u00e4sident von MSF gleichzeitig, dass &#8220;es das Prinzip der Humanit\u00e4t verletzt&#8221; denunziert, so dass F\u00e4lle ein universelles Recht zu begrenzen, dass &#8220;in einer Gesellschaft wie der unsrigen, hat exklusive Menschen&#8221; des Gesundheitssystems, der Dringlichkeit, Mutterschaft und minderj\u00e4hrig.<\/p>\n<p>&#8220;Spanien als demokratisches Land unterst\u00fctzt internationale Erkl\u00e4rungen zum Schutz der Menschenrechte, die in der Verfassung enthalten sind sollte man mehr im Einklang,&#8221; hinzugef\u00fcgt Bastos, nicht zuletzt Warum Schwerkraft auf die Krise trifft Europa.<\/p>\n<p>Die Erfahrung der \u00c4rzte ohne Grenzen in Spanien ist, dass diejenigen, die keine Krankenversicherungskarte bisher hatten Krankenh\u00e4user \u00fcber erste-Hilfe zugegriffen und Unterst\u00fctzung bis Krankenhaus Entlastung hielt.<\/p>\n<p>Diese Situation allerdings Minderheit, verursacht h\u00e4ufige Abbruchquoten von Behandlungen \u00c4rzte, besonders besorgniserregend bei schwersten Krankheiten und chronischen.<\/p>\n<p>Mit dem neuen Dekret Gesundheit Spar-, beklagte einmal, &#8220;die Ausnahme wird zum standard geworden und bringt schwerwiegende Folgen.&#8221; EFE<\/p>\n","protected":false},"excerpt":{"rendered":"<p>Madrid, 18 jun ( EFE).- M\u00e9decins sans Fronti\u00e8res (MSF) erfordert L\u00e4nder der Europ\u00e4ischen Union, darunter Spanien, um &#8220;eine minimale Prinzip der Humanit\u00e4t&#8221; mit denen, die als &#8220;illegale Einwanderer&#8221;, qualifiziert sind, wie die Wirtschaftskrise nicht rechtfertigt verlassen ohne Pflege &#8220;schw\u00e4chsten&#8221; zu erhalten. Diesem Appell hat in einem Interview mit Efe, Jos\u00e9 Antonio Bastos, Pr\u00e4sident von \u00c4rzte [&hellip;]<\/p>\n","protected":false},"author":1,"featured_media":0,"comment_status":"close","ping_status":"open","sticky":false,"template":"","format":"standard","meta":{"footnotes":""},"categories":[3],"tags":[46836],"class_list":["post-37237","post","type-post","status-publish","format-standard","hentry","category-allgemeine","tag-escude","et-doesnt-have-format-content","et_post_format-et-post-format-standard"],"_links":{"self":[{"href":"https:\/\/www.best-dentist-dentistry.com\/de\/wp-json\/wp\/v2\/posts\/37237","targetHints":{"allow":["GET"]}}],"collection":[{"href":"https:\/\/www.best-dentist-dentistry.com\/de\/wp-json\/wp\/v2\/posts"}],"about":[{"href":"https:\/\/www.best-dentist-dentistry.com\/de\/wp-json\/wp\/v2\/types\/post"}],"author":[{"embeddable":true,"href":"https:\/\/www.best-dentist-dentistry.com\/de\/wp-json\/wp\/v2\/users\/1"}],"replies":[{"embeddable":true,"href":"https:\/\/www.best-dentist-dentistry.com\/de\/wp-json\/wp\/v2\/comments?post=37237"}],"version-history":[{"count":0,"href":"https:\/\/www.best-dentist-dentistry.com\/de\/wp-json\/wp\/v2\/posts\/37237\/revisions"}],"wp:attachment":[{"href":"https:\/\/www.best-dentist-dentistry.com\/de\/wp-json\/wp\/v2\/media?parent=37237"}],"wp:term":[{"taxonomy":"category","embeddable":true,"href":"https:\/\/www.best-dentist-dentistry.com\/de\/wp-json\/wp\/v2\/categories?post=37237"},{"taxonomy":"post_tag","embeddable":true,"href":"https:\/\/www.best-dentist-dentistry.com\/de\/wp-json\/wp\/v2\/tags?post=37237"}],"curies":[{"name":"wp","href":"https:\/\/api.w.org\/{rel}","templated":true}]}}