{"id":37269,"date":"2013-04-27T02:44:43","date_gmt":"2013-04-27T02:44:43","guid":{"rendered":null},"modified":"-0001-11-30T00:00:00","modified_gmt":"-0001-11-30T00:00:00","slug":"raal-castro-president-of-cuba-will-attend-the-summit-of-rio20","status":"publish","type":"post","link":"https:\/\/www.best-dentist-dentistry.com\/de\/raal-castro-president-of-cuba-will-attend-the-summit-of-rio20\/37269","title":{"rendered":"Ra\u00fal Castro, Pr\u00e4sident von Kuba, wird am rio20 Gipfel teilnehmen."},"content":{"rendered":"<p class=\"first\"> Havanna, 20 jun (EFE).-der Pr\u00e4sident von Kuba, Ra\u00fal Castro, Teilnahme an der Konferenz der Vereinten Nationen f\u00fcr nachhaltige Entwicklung &#8220;Rio + 20&#8221;, findet bis 22.6. in Rio De Janeiro (Brasilien), offizielle Medien berichtet heute in Havanna.<\/p>\n<p>Raul Castro reist nach Brasilien neben Miguel Diaz-Canel, Vizepr\u00e4sident der EU-Ministerrat; der kubanische Au\u00dfenminister Bruno Rodriguez, und der Minister f\u00fcr Wissenschaft, Technologie und Umwelt, Elba Rosa Perez, nach einer Version berichtet von der t\u00e4glichen &#8220;Granma&#8221;, &#8220;Juventud Rebelde&#8221; digital Editions und im Web offizielle Cubadebate.<\/p>\n<p>Diese Mittel umfassen die Rio + 20-Konferenz &#8220;erteile Kontinuit\u00e4t der Erdgipfel und andere hochrangigen Treffen, die im Bereich der nachhaltigen Entwicklung wurden gehalten in den letzten 20 Jahren&#8221;.<\/p>\n<p>Hundert der Staats- und Regierungschefs vom Morgen auf dem presidential Gipfel der Vereinten Nationen f\u00fcr nachhaltige Entwicklung, Rio + 20-Konferenz teilnehmen wird.<\/p>\n<p>The 193 L\u00e4nder vertreten bei diesem Event genehmigt am Dienstag das Dokument &#8220;Die Zukunft, wir wollen&#8221;, ein Text, der gelobt, von den Vereinten Nationen und von Brasilien und von NGOs scharf angegriffen wurde.<\/p>\n<p>Der Pr\u00e4sident von Kuba, Ra\u00fal Castro <\/p>\n<p>. WireImage \/<\/p>\n","protected":false},"excerpt":{"rendered":"<p>Havanna, 20 jun (EFE).-der Pr\u00e4sident von Kuba, Ra\u00fal Castro, Teilnahme an der Konferenz der Vereinten Nationen f\u00fcr nachhaltige Entwicklung &#8220;Rio + 20&#8221;, findet bis 22.6. in Rio De Janeiro (Brasilien), offizielle Medien berichtet heute in Havanna. Raul Castro reist nach Brasilien neben Miguel Diaz-Canel, Vizepr\u00e4sident der EU-Ministerrat; der kubanische Au\u00dfenminister Bruno Rodriguez, und der Minister [&hellip;]<\/p>\n","protected":false},"author":1,"featured_media":0,"comment_status":"close","ping_status":"open","sticky":false,"template":"","format":"standard","meta":{"footnotes":""},"categories":[3],"tags":[46846,46845],"class_list":["post-37269","post","type-post","status-publish","format-standard","hentry","category-allgemeine","tag-rio20-gipfel","tag-us-vertrge","et-doesnt-have-format-content","et_post_format-et-post-format-standard"],"_links":{"self":[{"href":"https:\/\/www.best-dentist-dentistry.com\/de\/wp-json\/wp\/v2\/posts\/37269","targetHints":{"allow":["GET"]}}],"collection":[{"href":"https:\/\/www.best-dentist-dentistry.com\/de\/wp-json\/wp\/v2\/posts"}],"about":[{"href":"https:\/\/www.best-dentist-dentistry.com\/de\/wp-json\/wp\/v2\/types\/post"}],"author":[{"embeddable":true,"href":"https:\/\/www.best-dentist-dentistry.com\/de\/wp-json\/wp\/v2\/users\/1"}],"replies":[{"embeddable":true,"href":"https:\/\/www.best-dentist-dentistry.com\/de\/wp-json\/wp\/v2\/comments?post=37269"}],"version-history":[{"count":0,"href":"https:\/\/www.best-dentist-dentistry.com\/de\/wp-json\/wp\/v2\/posts\/37269\/revisions"}],"wp:attachment":[{"href":"https:\/\/www.best-dentist-dentistry.com\/de\/wp-json\/wp\/v2\/media?parent=37269"}],"wp:term":[{"taxonomy":"category","embeddable":true,"href":"https:\/\/www.best-dentist-dentistry.com\/de\/wp-json\/wp\/v2\/categories?post=37269"},{"taxonomy":"post_tag","embeddable":true,"href":"https:\/\/www.best-dentist-dentistry.com\/de\/wp-json\/wp\/v2\/tags?post=37269"}],"curies":[{"name":"wp","href":"https:\/\/api.w.org\/{rel}","templated":true}]}}