{"id":37272,"date":"2013-04-27T02:44:54","date_gmt":"2013-04-27T02:44:54","guid":{"rendered":null},"modified":"-0001-11-30T00:00:00","modified_gmt":"-0001-11-30T00:00:00","slug":"basque-government-refuses-to-go-to-reduce-the-staff-of-reinforcement-in-primary-care-in-the-coming-months","status":"publish","type":"post","link":"https:\/\/www.best-dentist-dentistry.com\/de\/basque-government-refuses-to-go-to-reduce-the-staff-of-reinforcement-in-primary-care-in-the-coming-months\/37272","title":{"rendered":"Baskische Regierung weigert sich zu gehen, um das Personal der Bewehrung in der Grundversorgung in den kommenden Monaten zu reduzieren"},"content":{"rendered":"<p class=\"first\"> BILBAO, 20 (EUROPA PRESS)<\/p>\n<p>Der baskischen Gesundheitsministerium hat Mittwoch sicher, die Verst\u00e4rkung in Primary Care-Mitarbeiter in den kommenden Monaten reduzieren wird nicht. &#8220;Osakidetza soll nicht ihre Politik der Ersetzungen oder diesen Sommer oder in den kommenden Monaten \u00e4ndern. Dar\u00fcber hinaus ist es nachweisbar und beweisbar, dass die Anzahl der Ersetzungen im Laufe der Monate gewachsen ist&#8221;, f\u00fcgte er hinzu. <\/p>\n<p>In einer Erkl\u00e4rung wurde so den ganzen die Vorw\u00fcrfe des Parlaments von der baskischen PP Laura-Garrido, wer angeprangert hat, dass die baskische Regierung will &#8220;in den kommenden Monaten&#8221; die Verkleinerung der Bewehrung in die Grundversorgung des Osakidetza verpflichten sich das Ministerium unter der Regie von Rafael Bengoa.<\/p>\n<p>Noting, die die parlamentarische PP-Vorw\u00fcrfe sind &#8220;absolut falsch und die geringste unbegr\u00fcndet&#8221;, Gesundheit hat gefordert, Garrido, Anschuldigungen, die am Mittwoch, etwas, die gegossen hat wie er ausf\u00fchrte, &#8220;nicht geschehen offenbar&#8221;.<\/p>\n","protected":false},"excerpt":{"rendered":"<p>BILBAO, 20 (EUROPA PRESS) Der baskischen Gesundheitsministerium hat Mittwoch sicher, die Verst\u00e4rkung in Primary Care-Mitarbeiter in den kommenden Monaten reduzieren wird nicht. &#8220;Osakidetza soll nicht ihre Politik der Ersetzungen oder diesen Sommer oder in den kommenden Monaten \u00e4ndern. Dar\u00fcber hinaus ist es nachweisbar und beweisbar, dass die Anzahl der Ersetzungen im Laufe der Monate gewachsen [&hellip;]<\/p>\n","protected":false},"author":1,"featured_media":0,"comment_status":"close","ping_status":"open","sticky":false,"template":"","format":"standard","meta":{"footnotes":""},"categories":[3],"tags":[46847],"class_list":["post-37272","post","type-post","status-publish","format-standard","hentry","category-allgemeine","tag-rocio","et-doesnt-have-format-content","et_post_format-et-post-format-standard"],"_links":{"self":[{"href":"https:\/\/www.best-dentist-dentistry.com\/de\/wp-json\/wp\/v2\/posts\/37272","targetHints":{"allow":["GET"]}}],"collection":[{"href":"https:\/\/www.best-dentist-dentistry.com\/de\/wp-json\/wp\/v2\/posts"}],"about":[{"href":"https:\/\/www.best-dentist-dentistry.com\/de\/wp-json\/wp\/v2\/types\/post"}],"author":[{"embeddable":true,"href":"https:\/\/www.best-dentist-dentistry.com\/de\/wp-json\/wp\/v2\/users\/1"}],"replies":[{"embeddable":true,"href":"https:\/\/www.best-dentist-dentistry.com\/de\/wp-json\/wp\/v2\/comments?post=37272"}],"version-history":[{"count":0,"href":"https:\/\/www.best-dentist-dentistry.com\/de\/wp-json\/wp\/v2\/posts\/37272\/revisions"}],"wp:attachment":[{"href":"https:\/\/www.best-dentist-dentistry.com\/de\/wp-json\/wp\/v2\/media?parent=37272"}],"wp:term":[{"taxonomy":"category","embeddable":true,"href":"https:\/\/www.best-dentist-dentistry.com\/de\/wp-json\/wp\/v2\/categories?post=37272"},{"taxonomy":"post_tag","embeddable":true,"href":"https:\/\/www.best-dentist-dentistry.com\/de\/wp-json\/wp\/v2\/tags?post=37272"}],"curies":[{"name":"wp","href":"https:\/\/api.w.org\/{rel}","templated":true}]}}